{"id":1576,"date":"2017-11-02T09:35:45","date_gmt":"2017-11-02T07:35:45","guid":{"rendered":"http:\/\/www.vizyon2023.com.tr\/?p=1576"},"modified":"2017-11-02T09:35:45","modified_gmt":"2017-11-02T07:35:45","slug":"ibrahim-kalindan-son-dakika-aciklamasi","status":"publish","type":"post","link":"https:\/\/www.vizyon2023.com.tr\/index.php\/2017\/11\/02\/ibrahim-kalindan-son-dakika-aciklamasi\/","title":{"rendered":"\u0130brahim Kal\u0131n&#8217;dan son dakika a\u00e7\u0131klamas\u0131"},"content":{"rendered":"<div class=\"news-detail-spot news-detail-spot-margin\">\n<h2>Cumhurba\u015fkan\u0131 S\u00f6zc\u00fcs\u00fc \u0130brahim Kal\u0131n, g\u00fcndeme ili\u015fkin bir \u00e7ok konuda a\u00e7\u0131klamalarda bulundu. PYD&#8217;nin Astana s\u00fcrecine dahil edilmesiyle ilgili konu\u015fan Kal\u0131n, &#8216;Rusya&#8217;ya tepkimizi ilettik, bu asla m\u00fcmk\u00fcn de\u011fildir. Bu sorun b\u00fcy\u00fck oranda \u00e7\u00f6z\u00fcld\u00fc&#8217; dedi. \u0130stifa eden Bal\u0131kesir Belediye Ba\u015fkan\u0131 Ahmet Edip U\u011fur&#8217;un ailesinin tehdit edildi\u011fi iddias\u0131yla ilgili soruya da yan\u0131t veren Kal\u0131n, Cumhurba\u015fkan\u0131 Erdo\u011fan&#8217;\u0131n gazetecilerin bu sorusuna yan\u0131t verdi\u011fini ve yar\u0131n gazetelerde bu sorunun cevab\u0131n\u0131n olaca\u011f\u0131n\u0131 belirterek, Cumhurba\u015fkan\u0131 Erdo\u011fan&#8217;\u0131n bu konudan rahats\u0131zl\u0131k duydu\u011funu ve &#8216;\u2018B\u00f6yle bir \u015fey var ise m\u00fcstafi belediye ba\u015fkan\u0131m\u0131z hangi merciye ne \u015fekilde ba\u015fvurmas\u0131 gerekti\u011fini bilir ve ba\u015fvurmas\u0131 gerekir&#8217; dedi\u011fini aktard\u0131.<\/h2>\n<\/div>\n<div class=\"news-image news-detail-image-margin\"><iframe loading=\"lazy\" src=\"http:\/\/www.hurriyet.com.tr\/video\/embed\/?vid=40629996&amp;resizable=1&amp;autostart=true&amp;playsinline=true&amp;v_utm_source=haber_detay&amp;isspot=true&amp;sbb=false&amp;pub_name=hurriyet&amp;pub_kategori=hr_gundem&amp;pub_contentid=40629796&amp;pub_catlist=c1_gundem,ct_ibrahim-kalin,ct_recep-tayyip-erdogan,ct_rusya,ct_pyd,ct_buyukada-tahliyeleri,ct_astana-sureci,ct_ahmet-edip-ugur\" width=\"590\" height=\"332\" frameborder=\"0\" scrolling=\"no\" allowfullscreen=\"allowfullscreen\" data-inline-video=\"true\" data-frame-status=\"1\"><\/iframe><\/div>\n<div class=\"news-image news-detail-image-margin\">\n<p><strong>Soru: Kuzey Irak B\u00f6lgesi \u2018dondurma\u2019 karar\u0131 ald\u0131\u011f\u0131n\u0131 s\u00f6yledi. E\u011fer iptal etmezse T\u00fcrkiye ne t\u00fcr ad\u0131mlar atacak? Ne\u00e7irvan \u00a0Barzani, Cumhurba\u015fkan\u0131 Erdo\u011fan\u2019dan bir randevu talep etti\u011fi ve Erdo\u011fan\u2019\u0131n bunu kabul etmedi\u011fi y\u00f6n\u00fcnde haberler \u00e7\u0131kt\u0131. Do\u011fruluk pay\u0131 var m\u0131? \u0130badi ile Erdo\u011fan g\u00f6r\u00fc\u015ft\u00fc, orada PKK\u2019ya y\u00f6nelik ortak i\u015fbirli\u011fi \u00e7\u0131kt\u0131. Irak ordusuyla birlikte ortak operasyon olabilir mi?<\/strong><strong>\u00a0<\/strong><\/p>\n<p>Erbil y\u00f6netiminden herkesin beklentisi var. Bu referandumu yokmu\u015f h\u00fckm\u00fcnde, bir \u00e7er\u00e7eveye oturtmalar\u0131 ve yollar\u0131na devam etmeleri. Kendi kamuoylar\u0131na nas\u0131l izah ederler bu onlar\u0131n meselesi. Bu referanduma giderseniz, elde etti\u011finiz bir \u00e7ok kazan\u0131m\u0131 kaybetme riskiyle kar\u015f\u0131 kar\u015f\u0131ya kal\u0131rs\u0131n\u0131z uyar\u0131m\u0131z oldu. Nitekim de b\u00f6yle oldu.<\/p>\n<p>Irak K\u00fcrtleriyle hep \u00e7ok yak\u0131n i\u015fbirli\u011fi i\u00e7erisinde oldu. Biz ayn\u0131 co\u011frafyan\u0131n insanlar\u0131y\u0131z, onlarla ayn\u0131 gelece\u011fi payla\u015fmak istiyoruz. Dolay\u0131s\u0131yla orada Irak K\u00fcrtlerine d\u00f6n\u00fck bir s\u0131k\u0131nt\u0131 gelmesini arzu etmeyiz. Habur\u2019daki ge\u00e7i\u015fleri bu y\u00fczden kabul ettik.<\/p>\n<p>Barzani\u2019nin randevu talebine gelince, ge\u00e7mi\u015fte de say\u0131n Cumhurba\u015fkan\u0131m\u0131z Barzani\u2019yi kabul etti. Tabi g\u00f6rev s\u00fcresinin uzat\u0131lmamas\u0131yla yeni bir tablo ortaya \u00e7\u0131k\u0131yor. Say\u0131n cumhurba\u015fkan\u0131m\u0131z\u0131n takdirindedir, bu g\u00f6r\u00fc\u015fmeler yapabilir. Ama \u00f6ncelikle orada Erbil h\u00fck\u00fcmetinin bir tak\u0131m ad\u0131mlar atmas\u0131 gerekiyor. d\u00fcnden beri devam eden s\u00fcre\u00e7 memnuniyet verici. Uygun zaman ve zeminde bunlar g\u00fcndeme al\u0131nabilir.<\/p>\n<p>\u00dc\u00e7\u00fcnc\u00fc sorunuzla ilgili, cumhurba\u015fkan\u0131m\u0131z ile \u0130badi g\u00f6r\u00fc\u015fmesinde kendilerine a\u00e7\u0131k \u015fekilde ilettiler. Irak\u2019\u0131n DEA\u015e\u2019tan tamamen temizlenmesi memnuniyet vericidir, bizim beklentimiz PKK\u2019n\u0131n da tamamen Irak topraklar\u0131ndan temizlenmesi. PKK\u2019ya kar\u015f\u0131 kararl\u0131 m\u00fccadele y\u00fcr\u00fct\u00fclmesi konusunda biz taleplerimizi ilettik. Irak y\u00f6netiminin buna olumlu bakt\u0131klar\u0131n\u0131 biliyorum. Bu konuda yak\u0131n \u00e7al\u0131\u015fma, gerek Ba\u011fdat, gerek Erbil, gerek S\u00fcleymani\u2019ye ile. Yak\u0131n \u00e7al\u0131\u015fmaya devam edece\u011fiz.<\/p>\n<p><strong>Soru: Rusya\u2019n\u0131n Astana s\u00fcrecine PYD\u2019yi dahil etmesine Ankara\u2019n\u0131n bak\u0131\u015f a\u00e7\u0131s\u0131 nedir?<\/strong><\/p>\n<p>Bunun i\u00e7in bir emri vaki bir \u015feyin oldu\u011funu d\u00fcn ilettiler, biz de tepkimizi ilettik. Bunu kabul etmemiz asla m\u00fcmk\u00fcn de\u011fildir. Suriye konusunda\u00a0<a class=\"inline-keyword\" href=\"http:\/\/www.hurriyet.com.tr\/haberleri\/pyd\" target=\"_blank\" rel=\"\">PYD<\/a>\u2019li ev YPG\u2019li olmayan K\u00fcrtlerin oraya K\u00fcrt toplumun temsilen davet edilmesinde sorun g\u00f6rm\u00fcyoruz. Ama PYD ve YPG\u2019nin herhangi bir toplant\u0131ya davet edilmesi kabul edilmesi. Ter\u00f6r \u00f6rg\u00fct\u00fcne Astana gibi uluslararas\u0131 platformda yer verilmesini asla kabul etmeyiz. Bu sorun b\u00fcy\u00fck oranda \u00e7\u00f6z\u00fcld\u00fc. Bu konuda Rus mevkida\u015flar\u0131m\u0131zla g\u00f6r\u00fc\u015fmelerimiz oldu. Bundan sonra da bu t\u00fcr giri\u015fimleri ho\u015f kar\u015f\u0131lamam\u0131z\u0131n m\u00fcmk\u00fcn olmad\u0131\u011f\u0131n\u0131 ifade etmek istiyorum.<\/p>\n<p><strong>Soru: B\u00fcy\u00fckada tahliyeleri\u2026 Almanya eski ba\u015fbakan\u0131 Schr\u00f6der ile cumhurba\u015fkan\u0131n\u0131n g\u00f6r\u00fc\u015fme yapmas\u0131\u2026 Ve s\u0131n\u0131r kap\u0131lar\u0131nda halen pe\u015fmergelerin oldu\u011fu s\u00f6yleniyor.<\/strong><\/p>\n<p>O s\u00fcre\u00e7 hala devam ediyor. Kap\u0131n\u0131n devir teslim s\u00fcreci devam ediyor.<\/p>\n<p><a class=\"inline-keyword\" href=\"http:\/\/www.hurriyet.com.tr\/haberleri\/buyukada-tahliyeleri\" target=\"_blank\" rel=\"\">B\u00fcy\u00fckada tahliyeleri<\/a>, onu buna ba\u011flamak do\u011fru olmaz. B\u00f6yle bir imada, bas\u0131nda b\u00f6yle haberler \u00e7\u0131kt\u0131. Ama bunlar\u0131n hi\u00e7birisi bizim teyit etti\u011fimiz haberler de\u011fildir.<\/p>\n<\/div>\n","protected":false},"excerpt":{"rendered":"<p>Cumhurba\u015fkan\u0131 S\u00f6zc\u00fcs\u00fc \u0130brahim Kal\u0131n, g\u00fcndeme ili\u015fkin bir \u00e7ok konuda a\u00e7\u0131klamalarda bulundu. PYD&#8217;nin Astana s\u00fcrecine dahil edilmesiyle ilgili konu\u015fan Kal\u0131n, &#8216;Rusya&#8217;ya tepkimizi ilettik, bu asla m\u00fcmk\u00fcn de\u011fildir. Bu sorun b\u00fcy\u00fck oranda \u00e7\u00f6z\u00fcld\u00fc&#8217; dedi. \u0130stifa eden Bal\u0131kesir Belediye Ba\u015fkan\u0131 Ahmet Edip U\u011fur&#8217;un ailesinin tehdit edildi\u011fi iddias\u0131yla ilgili soruya da yan\u0131t veren Kal\u0131n, Cumhurba\u015fkan\u0131 Erdo\u011fan&#8217;\u0131n gazetecilerin bu sorusuna [&hellip;]<\/p>\n","protected":false},"author":8,"featured_media":1577,"comment_status":"open","ping_status":"closed","sticky":false,"template":"","format":"standard","meta":[],"categories":[85],"tags":[],"_links":{"self":[{"href":"https:\/\/www.vizyon2023.com.tr\/index.php\/wp-json\/wp\/v2\/posts\/1576"}],"collection":[{"href":"https:\/\/www.vizyon2023.com.tr\/index.php\/wp-json\/wp\/v2\/posts"}],"about":[{"href":"https:\/\/www.vizyon2023.com.tr\/index.php\/wp-json\/wp\/v2\/types\/post"}],"author":[{"embeddable":true,"href":"https:\/\/www.vizyon2023.com.tr\/index.php\/wp-json\/wp\/v2\/users\/8"}],"replies":[{"embeddable":true,"href":"https:\/\/www.vizyon2023.com.tr\/index.php\/wp-json\/wp\/v2\/comments?post=1576"}],"version-history":[{"count":1,"href":"https:\/\/www.vizyon2023.com.tr\/index.php\/wp-json\/wp\/v2\/posts\/1576\/revisions"}],"predecessor-version":[{"id":1578,"href":"https:\/\/www.vizyon2023.com.tr\/index.php\/wp-json\/wp\/v2\/posts\/1576\/revisions\/1578"}],"wp:featuredmedia":[{"embeddable":true,"href":"https:\/\/www.vizyon2023.com.tr\/index.php\/wp-json\/wp\/v2\/media\/1577"}],"wp:attachment":[{"href":"https:\/\/www.vizyon2023.com.tr\/index.php\/wp-json\/wp\/v2\/media?parent=1576"}],"wp:term":[{"taxonomy":"category","embeddable":true,"href":"https:\/\/www.vizyon2023.com.tr\/index.php\/wp-json\/wp\/v2\/categories?post=1576"},{"taxonomy":"post_tag","embeddable":true,"href":"https:\/\/www.vizyon2023.com.tr\/index.php\/wp-json\/wp\/v2\/tags?post=1576"}],"curies":[{"name":"wp","href":"https:\/\/api.w.org\/{rel}","templated":true}]}}