{"id":1573,"date":"2017-11-02T09:29:06","date_gmt":"2017-11-02T07:29:06","guid":{"rendered":"http:\/\/www.vizyon2023.com.tr\/?p=1573"},"modified":"2017-11-02T09:29:06","modified_gmt":"2017-11-02T07:29:06","slug":"ingiltere-savunma-bakani-taciz-yuzunden-istifa-etti","status":"publish","type":"post","link":"https:\/\/www.vizyon2023.com.tr\/index.php\/2017\/11\/02\/ingiltere-savunma-bakani-taciz-yuzunden-istifa-etti\/","title":{"rendered":"\u0130ngiltere Savunma Bakan\u0131 taciz y\u00fcz\u00fcnden istifa etti"},"content":{"rendered":"<h1 class=\"news-detail-title selectionShareable\">\u0130ngiltere Savunma Bakan\u0131 taciz y\u00fcz\u00fcnden istifa etti.<\/h1>\n<p><img loading=\"lazy\" class=\"alignnone size-full wp-image-1574\" src=\"http:\/\/www.vizyon2023.com.tr\/wp-content\/uploads\/2017\/11\/59fa270fc03c0e3aa84efd83.jpg\" alt=\"59fa270fc03c0e3aa84efd83\" width=\"590\" height=\"332\" \/><\/p>\n<p>BBC&#8217;nin haberine g\u00f6re,\u00a0<a class=\"inline-keyword\" href=\"http:\/\/www.hurriyet.com.tr\/index\/ingiltere\" target=\"_blank\" rel=\"\">\u0130ngiltere<\/a>\u00a0Savunma Bakan\u0131 Michael Fallon, hakk\u0131nda \u00e7\u0131kan iddialar sonucu istifa etti<\/p>\n<p>\u0130ngiltere Savunma Bakan\u0131 Michael Fallon, 15 y\u0131l \u00f6nce bir kad\u0131n gazeteciyi\u00a0<a class=\"inline-keyword\" href=\"http:\/\/www.hurriyet.com.tr\/index\/taciz\" target=\"_blank\" rel=\"\">taciz<\/a>\u00a0etti\u011fini kabul etmi\u015fti.<\/p>\n<p>Fallon ad\u0131na bir s\u00f6zc\u00fc Independent Gazetesi&#8217;ne, Fallon&#8217;un \u00f6z\u00fcr diledi\u011fini ve bu olay\u0131n 15 y\u0131l \u00f6nce ya\u015fand\u0131\u011f\u0131, Julia ve Fallon&#8217;un bu olay\u0131 kapatt\u0131\u011f\u0131 a\u00e7\u0131klamas\u0131nda bulunmu\u015ftu<\/p>\n","protected":false},"excerpt":{"rendered":"<p>\u0130ngiltere Savunma Bakan\u0131 taciz y\u00fcz\u00fcnden istifa etti. BBC&#8217;nin haberine g\u00f6re,\u00a0\u0130ngiltere\u00a0Savunma Bakan\u0131 Michael Fallon, hakk\u0131nda \u00e7\u0131kan iddialar sonucu istifa etti \u0130ngiltere Savunma Bakan\u0131 Michael Fallon, 15 y\u0131l \u00f6nce bir kad\u0131n gazeteciyi\u00a0taciz\u00a0etti\u011fini kabul etmi\u015fti. Fallon ad\u0131na bir s\u00f6zc\u00fc Independent Gazetesi&#8217;ne, Fallon&#8217;un \u00f6z\u00fcr diledi\u011fini ve bu olay\u0131n 15 y\u0131l \u00f6nce ya\u015fand\u0131\u011f\u0131, Julia ve Fallon&#8217;un bu olay\u0131 kapatt\u0131\u011f\u0131 a\u00e7\u0131klamas\u0131nda [&hellip;]<\/p>\n","protected":false},"author":8,"featured_media":1574,"comment_status":"open","ping_status":"closed","sticky":false,"template":"","format":"standard","meta":[],"categories":[61],"tags":[],"_links":{"self":[{"href":"https:\/\/www.vizyon2023.com.tr\/index.php\/wp-json\/wp\/v2\/posts\/1573"}],"collection":[{"href":"https:\/\/www.vizyon2023.com.tr\/index.php\/wp-json\/wp\/v2\/posts"}],"about":[{"href":"https:\/\/www.vizyon2023.com.tr\/index.php\/wp-json\/wp\/v2\/types\/post"}],"author":[{"embeddable":true,"href":"https:\/\/www.vizyon2023.com.tr\/index.php\/wp-json\/wp\/v2\/users\/8"}],"replies":[{"embeddable":true,"href":"https:\/\/www.vizyon2023.com.tr\/index.php\/wp-json\/wp\/v2\/comments?post=1573"}],"version-history":[{"count":1,"href":"https:\/\/www.vizyon2023.com.tr\/index.php\/wp-json\/wp\/v2\/posts\/1573\/revisions"}],"predecessor-version":[{"id":1575,"href":"https:\/\/www.vizyon2023.com.tr\/index.php\/wp-json\/wp\/v2\/posts\/1573\/revisions\/1575"}],"wp:featuredmedia":[{"embeddable":true,"href":"https:\/\/www.vizyon2023.com.tr\/index.php\/wp-json\/wp\/v2\/media\/1574"}],"wp:attachment":[{"href":"https:\/\/www.vizyon2023.com.tr\/index.php\/wp-json\/wp\/v2\/media?parent=1573"}],"wp:term":[{"taxonomy":"category","embeddable":true,"href":"https:\/\/www.vizyon2023.com.tr\/index.php\/wp-json\/wp\/v2\/categories?post=1573"},{"taxonomy":"post_tag","embeddable":true,"href":"https:\/\/www.vizyon2023.com.tr\/index.php\/wp-json\/wp\/v2\/tags?post=1573"}],"curies":[{"name":"wp","href":"https:\/\/api.w.org\/{rel}","templated":true}]}}