{"id":1570,"date":"2017-11-02T09:25:18","date_gmt":"2017-11-02T07:25:18","guid":{"rendered":"http:\/\/www.vizyon2023.com.tr\/?p=1570"},"modified":"2017-11-02T09:25:18","modified_gmt":"2017-11-02T07:25:18","slug":"yildirim-gelecek-hafta-abdde-vize-krizini-asma-sinyali","status":"publish","type":"post","link":"https:\/\/www.vizyon2023.com.tr\/index.php\/2017\/11\/02\/yildirim-gelecek-hafta-abdde-vize-krizini-asma-sinyali\/","title":{"rendered":"Y\u0131ld\u0131r\u0131m gelecek hafta ABD\u2019de&#8230; Vize krizini a\u015fma sinyali"},"content":{"rendered":"<h2>Ba\u015fbakan Binali Y\u0131ld\u0131r\u0131m, \u00f6n\u00fcm\u00fczdeki hafta ABD Ba\u015fkan Yard\u0131mc\u0131s\u0131 Mike Pence ile g\u00f6r\u00fc\u015fmek \u00fczere Washington\u2019a gidecek. Uzun s\u00fcredir planlanan randevu i\u00e7in Washington\u2019dan \u015fimdi gelen davet, 3 haftay\u0131 a\u015fk\u0131n bir s\u00fcredir devam eden vize krizini a\u015fmak konusunda ABD\u2019de bir irade belirdi\u011fi anlam\u0131na geliyor.<\/h2>\n<p>BA\u015eBAKAN\u00a0<a class=\"inline-keyword\" href=\"http:\/\/www.hurriyet.com.tr\/index\/binali-yildirim\" target=\"_blank\" rel=\"\">Binali Y\u0131ld\u0131r\u0131m<\/a>, \u00f6n\u00fcm\u00fczdeki hafta\u00a0<a class=\"inline-keyword\" href=\"http:\/\/www.hurriyet.com.tr\/haberleri\/abd\" target=\"_blank\" rel=\"\">ABD<\/a>\u00a0Ba\u015fkan Yard\u0131mc\u0131s\u0131 Mike Pence ile g\u00f6r\u00fc\u015fmek \u00fczere Washington\u2019a gidecek. Y\u0131ld\u0131r\u0131m yaz sonunda Pence\u2019den randevu istemi\u015fti. Washington\u2019dan \u015fimdi gelen davet, ABD taraf\u0131nda 3 haftay\u0131 a\u015fk\u0131n bir s\u00fcredir devam eden vize krizini a\u015fmak konusunda bir irade belirdi\u011fi anlam\u0131na geliyor. Y\u0131ld\u0131r\u0131m\u2019\u0131n 7 &#8211; 11 Kas\u0131m aras\u0131nda yapaca\u011f\u0131 ziyaretin Washington ve New York\u2019u da kapsayacak \u015fekilde planland\u0131\u011f\u0131 belirtiliyor. Y\u0131ld\u0131r\u0131m &#8211; Pence randevusu b\u00fcy\u00fck ihtimalle 8 Kas\u0131m\u2019da ger\u00e7ekle\u015fecek. Ziyaretin detaylar\u0131 hen\u00fcz netle\u015fmedi. Amerikal\u0131 yetkililer Y\u0131ld\u0131r\u0131m\u2019\u0131n ziyareti s\u0131ras\u0131nda \u2013 hatta \u00f6ncesinde- krizin \u00e7\u00f6z\u00fclmesinden yana. Washington\u2019daki havan\u0131n olumluya d\u00f6nmeye ba\u015flad\u0131\u011f\u0131n\u0131n ilk emareleri Washington B\u00fcy\u00fckel\u00e7ili\u011fi\u2019ndeki 29 Ekim resepsiyonunda ortaya \u00e7\u0131km\u0131\u015ft\u0131. Resepsiyona kat\u0131larak Trump\u2019\u0131n mesaj\u0131n\u0131 okuyan ABD D\u0131\u015fi\u015fleri M\u00fcste\u015far\u0131 Thomas Shannon ayak\u00fcst\u00fc sohbetimizde detaya girmeden \u201cBunlar ufak \u015feyler, a\u015far\u0131z\u201d demi\u015fti.<\/p>\n<p>ABD\u2019nin Suriye\u2019de ter\u00f6r \u00f6rg\u00fct\u00fc YPG\u2019ye verdi\u011fi deste\u011fin sonu\u00e7lar\u0131, Fetullah G\u00fclen\u2019in iade dosyas\u0131nda ve G\u00fclen \u00f6rg\u00fct\u00fcn\u00fcn ABD\u2019deki faaliyetlerinin engellenmesi konusunda geli\u015fme olmamas\u0131, T\u00fcrkiye\u2019ye silah sat\u0131\u015flar\u0131n\u0131n ABD Kongresi\u2019ne tak\u0131lmas\u0131, T\u00fcrk korumalarla ilgili yakalama karar\u0131, Reza Zarrab davas\u0131n\u0131n Halkbank a\u00e7\u0131s\u0131ndan olas\u0131 sonu\u00e7lar\u0131, Y\u0131ld\u0131r\u0131m\u2019\u0131n Pence ile yapaca\u011f\u0131 g\u00f6r\u00fc\u015fmede masada olacak. Ancak \u2018evanjelist kilise\u2019 mensubu olan ve koyu muhafazak\u00e2r g\u00f6r\u00fc\u015fleriyle tan\u0131nan Pence a\u00e7\u0131s\u0131ndan g\u00f6r\u00fc\u015fmenin ana g\u00fcndem maddesinin FET\u00d6 davas\u0131nda tutuklu Past\u00f6r Andrew Brunson\u2019\u0131n serbest b\u0131rak\u0131lmas\u0131 olaca\u011f\u0131na kesin g\u00f6z\u00fcyle bak\u0131l\u0131yor. T\u00fcrkiye\u2019den Washington\u2019a Ba\u015fbakan d\u00fczeyinde en son ziyaret Ahmet Davuto\u011flu d\u00f6neminde May\u0131s 2016 i\u00e7in planlanm\u0131\u015f ancak Beyaz Saray, Ankara\u2019n\u0131n talep etti\u011fi d\u00f6nemde uygun tarih belirlemekte zorlan\u0131nca ziyaret ertelenmi\u015fti. K\u0131sa bir s\u00fcre sonra Davuto\u011flu ba\u015fbakanl\u0131\u011f\u0131 b\u0131rakm\u0131\u015ft\u0131.<\/p>\n","protected":false},"excerpt":{"rendered":"<p>Ba\u015fbakan Binali Y\u0131ld\u0131r\u0131m, \u00f6n\u00fcm\u00fczdeki hafta ABD Ba\u015fkan Yard\u0131mc\u0131s\u0131 Mike Pence ile g\u00f6r\u00fc\u015fmek \u00fczere Washington\u2019a gidecek. Uzun s\u00fcredir planlanan randevu i\u00e7in Washington\u2019dan \u015fimdi gelen davet, 3 haftay\u0131 a\u015fk\u0131n bir s\u00fcredir devam eden vize krizini a\u015fmak konusunda ABD\u2019de bir irade belirdi\u011fi anlam\u0131na geliyor. BA\u015eBAKAN\u00a0Binali Y\u0131ld\u0131r\u0131m, \u00f6n\u00fcm\u00fczdeki hafta\u00a0ABD\u00a0Ba\u015fkan Yard\u0131mc\u0131s\u0131 Mike Pence ile g\u00f6r\u00fc\u015fmek \u00fczere Washington\u2019a gidecek. Y\u0131ld\u0131r\u0131m yaz [&hellip;]<\/p>\n","protected":false},"author":8,"featured_media":1571,"comment_status":"open","ping_status":"closed","sticky":false,"template":"","format":"standard","meta":[],"categories":[85],"tags":[],"_links":{"self":[{"href":"https:\/\/www.vizyon2023.com.tr\/index.php\/wp-json\/wp\/v2\/posts\/1570"}],"collection":[{"href":"https:\/\/www.vizyon2023.com.tr\/index.php\/wp-json\/wp\/v2\/posts"}],"about":[{"href":"https:\/\/www.vizyon2023.com.tr\/index.php\/wp-json\/wp\/v2\/types\/post"}],"author":[{"embeddable":true,"href":"https:\/\/www.vizyon2023.com.tr\/index.php\/wp-json\/wp\/v2\/users\/8"}],"replies":[{"embeddable":true,"href":"https:\/\/www.vizyon2023.com.tr\/index.php\/wp-json\/wp\/v2\/comments?post=1570"}],"version-history":[{"count":1,"href":"https:\/\/www.vizyon2023.com.tr\/index.php\/wp-json\/wp\/v2\/posts\/1570\/revisions"}],"predecessor-version":[{"id":1572,"href":"https:\/\/www.vizyon2023.com.tr\/index.php\/wp-json\/wp\/v2\/posts\/1570\/revisions\/1572"}],"wp:featuredmedia":[{"embeddable":true,"href":"https:\/\/www.vizyon2023.com.tr\/index.php\/wp-json\/wp\/v2\/media\/1571"}],"wp:attachment":[{"href":"https:\/\/www.vizyon2023.com.tr\/index.php\/wp-json\/wp\/v2\/media?parent=1570"}],"wp:term":[{"taxonomy":"category","embeddable":true,"href":"https:\/\/www.vizyon2023.com.tr\/index.php\/wp-json\/wp\/v2\/categories?post=1570"},{"taxonomy":"post_tag","embeddable":true,"href":"https:\/\/www.vizyon2023.com.tr\/index.php\/wp-json\/wp\/v2\/tags?post=1570"}],"curies":[{"name":"wp","href":"https:\/\/api.w.org\/{rel}","templated":true}]}}