{"id":1566,"date":"2017-11-02T09:19:24","date_gmt":"2017-11-02T07:19:24","guid":{"rendered":"http:\/\/www.vizyon2023.com.tr\/?p=1566"},"modified":"2017-11-02T09:19:24","modified_gmt":"2017-11-02T07:19:24","slug":"2-bin-500-engelliye-atama","status":"publish","type":"post","link":"https:\/\/www.vizyon2023.com.tr\/index.php\/2017\/11\/02\/2-bin-500-engelliye-atama\/","title":{"rendered":"2 bin 500 engelliye atama!."},"content":{"rendered":"<p><img loading=\"lazy\" class=\"alignnone size-full wp-image-1567\" src=\"http:\/\/www.vizyon2023.com.tr\/wp-content\/uploads\/2017\/11\/660x310-2-bin-500-engelliye-atama-1509573911917.jpeg\" alt=\"660x310-2-bin-500-engelliye-atama-1509573911917\" width=\"660\" height=\"310\" \/><\/p>\n<p>Ba\u015fbakan Binali Y\u0131ld\u0131r\u0131m&#8217;\u0131n duyurdu\u011fu 2018&#8217;de kamuya yap\u0131lacak 5 bin engelli atamas\u0131n\u0131n detaylar\u0131 belli oldu<a class=\"backLink\" href=\"https:\/\/www.ahaber.com.tr\/ekonomi\/2017\/11\/02\/2-bin-500-engelliye-atama-1509583821\">.<\/a><\/p>\n<p>\u00c7al\u0131\u015fma ve Sosyal G\u00fcvenlik Bakanl\u0131\u011f\u0131&#8217;ndan yap\u0131lan a\u00e7\u0131klamada, &#8220;Atamalar iki grupta yap\u0131lacak.\u00a0<b>2 bin<\/b>\u00a0<b>500 engelli\u00a0<\/b>vatanda\u015f\u0131m\u0131z\u00a0<b>2018&#8217;in<\/b>\u00a0<b>ilk \u00e7eyre\u011finde<\/b>,\u00a0<b>2 bin 500 engelli<\/b>\u00a0vatanda\u015f\u0131m\u0131z ise\u00a0<b>2018&#8217;in son<\/b>\u00a0<b>\u00e7eyre\u011finde\u00a0<\/b>kamuya yerle\u015ftirilecek&#8221; denildi. Ayr\u0131ca yap\u0131lacak olan y\u00f6netmelik d\u00fczenlemesiyle de 2 y\u0131lda bir yap\u0131lan EKPSS sonu\u00e7lar\u0131n\u0131n ge\u00e7erlilik s\u00fcresi\u00a0<b>2<\/b>\u00a0<b>y\u0131ldan 4 y\u0131la \u00e7\u0131kar\u0131laca\u011f\u0131\u00a0<\/b>belirtilen a\u00e7\u0131klamada, &#8220;Engelli vatanda\u015flar\u0131m\u0131z ellerindeki ge\u00e7erli EKPSS puanlar\u0131ndan hangisi y\u00fcksekse o puan esas al\u0131narak tercihte bulunabileceklerdir. 2018 y\u0131l\u0131nda EKPSS yap\u0131lacakt\u0131r&#8221; ifadesi kullan\u0131ld\u0131.\u00a0<b>\u00c7al\u0131\u015fma Bakan\u0131 J\u00fclide Sar\u0131ero\u011flu<\/b>, &#8220;15 y\u0131l boyunca engelli karde\u015flerimizin istihdam\u0131 temel \u00f6nceli\u011fimiz oldu. 2002- 2017 y\u0131llar\u0131 aras\u0131nda; 52 bin 574 engelli kad\u0131n, 312 bin 552 engelli erkek olmak \u00fczere toplam\u00a0<b>365 bin 129 engelli<\/b>\u00a0karde\u015fimiz i\u015fe yerle\u015ftirilmi\u015ftir&#8221; dedi.<a class=\"backLink\" href=\"https:\/\/www.ahaber.com.tr\/ekonomi\/2017\/11\/02\/2-bin-500-engelliye-atama-1509583821\">.<\/a><\/p>\n","protected":false},"excerpt":{"rendered":"<p>Ba\u015fbakan Binali Y\u0131ld\u0131r\u0131m&#8217;\u0131n duyurdu\u011fu 2018&#8217;de kamuya yap\u0131lacak 5 bin engelli atamas\u0131n\u0131n detaylar\u0131 belli oldu. \u00c7al\u0131\u015fma ve Sosyal G\u00fcvenlik Bakanl\u0131\u011f\u0131&#8217;ndan yap\u0131lan a\u00e7\u0131klamada, &#8220;Atamalar iki grupta yap\u0131lacak.\u00a02 bin\u00a0500 engelli\u00a0vatanda\u015f\u0131m\u0131z\u00a02018&#8217;in\u00a0ilk \u00e7eyre\u011finde,\u00a02 bin 500 engelli\u00a0vatanda\u015f\u0131m\u0131z ise\u00a02018&#8217;in son\u00a0\u00e7eyre\u011finde\u00a0kamuya yerle\u015ftirilecek&#8221; denildi. Ayr\u0131ca yap\u0131lacak olan y\u00f6netmelik d\u00fczenlemesiyle de 2 y\u0131lda bir yap\u0131lan EKPSS sonu\u00e7lar\u0131n\u0131n ge\u00e7erlilik s\u00fcresi\u00a02\u00a0y\u0131ldan 4 y\u0131la \u00e7\u0131kar\u0131laca\u011f\u0131\u00a0belirtilen a\u00e7\u0131klamada, &#8220;Engelli vatanda\u015flar\u0131m\u0131z [&hellip;]<\/p>\n","protected":false},"author":8,"featured_media":1568,"comment_status":"open","ping_status":"closed","sticky":false,"template":"","format":"standard","meta":[],"categories":[85],"tags":[],"_links":{"self":[{"href":"https:\/\/www.vizyon2023.com.tr\/index.php\/wp-json\/wp\/v2\/posts\/1566"}],"collection":[{"href":"https:\/\/www.vizyon2023.com.tr\/index.php\/wp-json\/wp\/v2\/posts"}],"about":[{"href":"https:\/\/www.vizyon2023.com.tr\/index.php\/wp-json\/wp\/v2\/types\/post"}],"author":[{"embeddable":true,"href":"https:\/\/www.vizyon2023.com.tr\/index.php\/wp-json\/wp\/v2\/users\/8"}],"replies":[{"embeddable":true,"href":"https:\/\/www.vizyon2023.com.tr\/index.php\/wp-json\/wp\/v2\/comments?post=1566"}],"version-history":[{"count":1,"href":"https:\/\/www.vizyon2023.com.tr\/index.php\/wp-json\/wp\/v2\/posts\/1566\/revisions"}],"predecessor-version":[{"id":1569,"href":"https:\/\/www.vizyon2023.com.tr\/index.php\/wp-json\/wp\/v2\/posts\/1566\/revisions\/1569"}],"wp:featuredmedia":[{"embeddable":true,"href":"https:\/\/www.vizyon2023.com.tr\/index.php\/wp-json\/wp\/v2\/media\/1568"}],"wp:attachment":[{"href":"https:\/\/www.vizyon2023.com.tr\/index.php\/wp-json\/wp\/v2\/media?parent=1566"}],"wp:term":[{"taxonomy":"category","embeddable":true,"href":"https:\/\/www.vizyon2023.com.tr\/index.php\/wp-json\/wp\/v2\/categories?post=1566"},{"taxonomy":"post_tag","embeddable":true,"href":"https:\/\/www.vizyon2023.com.tr\/index.php\/wp-json\/wp\/v2\/tags?post=1566"}],"curies":[{"name":"wp","href":"https:\/\/api.w.org\/{rel}","templated":true}]}}