{"id":1557,"date":"2017-11-02T09:08:17","date_gmt":"2017-11-02T07:08:17","guid":{"rendered":"http:\/\/www.vizyon2023.com.tr\/?p=1557"},"modified":"2017-11-02T09:08:17","modified_gmt":"2017-11-02T07:08:17","slug":"cumhurbaskani-erdogandan-ibadiye-pkk-uyarisi","status":"publish","type":"post","link":"https:\/\/www.vizyon2023.com.tr\/index.php\/2017\/11\/02\/cumhurbaskani-erdogandan-ibadiye-pkk-uyarisi\/","title":{"rendered":"Cumhurba\u015fkan\u0131 Erdo\u011fan&#8217;dan \u0130badi&#8217;ye PKK uyar\u0131s\u0131."},"content":{"rendered":"<p><img loading=\"lazy\" class=\"alignnone size-full wp-image-1558\" src=\"http:\/\/www.vizyon2023.com.tr\/wp-content\/uploads\/2017\/11\/660x310-cumhurbaskani-erdogandan-ibadiye-uyari-1509586180416.jpg\" alt=\"660x310-cumhurbaskani-erdogandan-ibadiye-uyari-1509586180416\" width=\"660\" height=\"310\" \/><\/p>\n<p>Cumhurba\u015fkan\u0131 Recep Tayyip Erdo\u011fan, Bak\u00fc d\u00f6n\u00fc\u015f\u00fcnde ter\u00f6rle m\u00fccadele konusunda \u00e7ok \u00f6nemli a\u00e7\u0131klamalar yapt\u0131.<a class=\"backLink\" href=\"https:\/\/www.ahaber.com.tr\/gundem\/2017\/11\/02\/cumhurbaskani-erdogandan-ibadiye-pkk-uyarisi\">.<\/a><\/p>\n<p>Cumhurba\u015fkan\u0131 Recep Tayyip Erdo\u011fan, Bak\u00fc d\u00f6n\u00fc\u015f\u00fc u\u00e7akta gazetecilerin sorular\u0131n\u0131 yan\u0131tlad\u0131. Erdo\u011fan, ter\u00f6rler m\u00fccadele konusunda da \u00e7ok \u00f6nemli a\u00e7\u0131klamalar yapt\u0131.<\/p>\n<p><strong>B\u0130Z\u0130 MECBUR BIRAKMAYIN<\/strong><\/p>\n<p>Irak merkezi h\u00fck\u00fcmetinin \u015fu anda PKK&#8217;ya kar\u015f\u0131 bir silahl\u0131 giri\u015fimi s\u00f6z konusu de\u011fil. Onlar\u0131n \u015fu an \u00f6ncelikli hedefi DEA\u015e. Bizim, elbette illa onlar\u0131n bir \u015fey yapmalar\u0131n\u0131 bekleyecek halimiz yok. Bunu \u0130badi&#8217;ye de s\u00f6yledim. Biz b\u00f6l\u00fcc\u00fc ter\u00f6r \u00f6rg\u00fct\u00fcne kar\u015f\u0131 \u015fu anda s\u0131n\u0131rlar\u0131m\u0131zda t\u00fcm tedbirlerimizi alm\u0131\u015f durumday\u0131z. \u00dclkemize y\u00f6nelik olumsuz bir geli\u015fme ya da oralardan bir taciz s\u00f6z konusu olursa, s\u0131n\u0131r \u00f6tesinde operasyonlara her an girebiliriz. Bizim buna mecbur edilmememiz i\u00e7in neler yap\u0131lmas\u0131 gerekti\u011fini \u0130badi&#8217;ye anlatt\u0131m.<\/p>\n<p><strong>ABD S\u00d6Z\u00dcN\u00dc TUTMADI, B\u0130Z DE G\u0130RD\u0130K:\u00a0<\/strong><\/p>\n<p>Biz Cerablus&#8217;ta niye ad\u0131m att\u0131k? \u00c7\u00fcnk\u00fc (ABD) Cerablus konusunda bize verdikleri s\u00f6z\u00fc tutmad\u0131lar. S\u00f6zlerini tutmad\u0131klar\u0131 i\u00e7in de biz oraya girdik Hakeza Rai&#8217;de, Bab&#8217;da&#8230; \u015eimdi \u0130dlip&#8217;de Rusya ile dayan\u0131\u015fma i\u00e7indeyiz.<\/p>\n<p>&nbsp;<\/p>\n","protected":false},"excerpt":{"rendered":"<p>Cumhurba\u015fkan\u0131 Recep Tayyip Erdo\u011fan, Bak\u00fc d\u00f6n\u00fc\u015f\u00fcnde ter\u00f6rle m\u00fccadele konusunda \u00e7ok \u00f6nemli a\u00e7\u0131klamalar yapt\u0131.. Cumhurba\u015fkan\u0131 Recep Tayyip Erdo\u011fan, Bak\u00fc d\u00f6n\u00fc\u015f\u00fc u\u00e7akta gazetecilerin sorular\u0131n\u0131 yan\u0131tlad\u0131. Erdo\u011fan, ter\u00f6rler m\u00fccadele konusunda da \u00e7ok \u00f6nemli a\u00e7\u0131klamalar yapt\u0131. B\u0130Z\u0130 MECBUR BIRAKMAYIN Irak merkezi h\u00fck\u00fcmetinin \u015fu anda PKK&#8217;ya kar\u015f\u0131 bir silahl\u0131 giri\u015fimi s\u00f6z konusu de\u011fil. Onlar\u0131n \u015fu an \u00f6ncelikli hedefi DEA\u015e. Bizim, [&hellip;]<\/p>\n","protected":false},"author":8,"featured_media":1559,"comment_status":"open","ping_status":"closed","sticky":false,"template":"","format":"standard","meta":[],"categories":[85],"tags":[],"_links":{"self":[{"href":"https:\/\/www.vizyon2023.com.tr\/index.php\/wp-json\/wp\/v2\/posts\/1557"}],"collection":[{"href":"https:\/\/www.vizyon2023.com.tr\/index.php\/wp-json\/wp\/v2\/posts"}],"about":[{"href":"https:\/\/www.vizyon2023.com.tr\/index.php\/wp-json\/wp\/v2\/types\/post"}],"author":[{"embeddable":true,"href":"https:\/\/www.vizyon2023.com.tr\/index.php\/wp-json\/wp\/v2\/users\/8"}],"replies":[{"embeddable":true,"href":"https:\/\/www.vizyon2023.com.tr\/index.php\/wp-json\/wp\/v2\/comments?post=1557"}],"version-history":[{"count":1,"href":"https:\/\/www.vizyon2023.com.tr\/index.php\/wp-json\/wp\/v2\/posts\/1557\/revisions"}],"predecessor-version":[{"id":1560,"href":"https:\/\/www.vizyon2023.com.tr\/index.php\/wp-json\/wp\/v2\/posts\/1557\/revisions\/1560"}],"wp:featuredmedia":[{"embeddable":true,"href":"https:\/\/www.vizyon2023.com.tr\/index.php\/wp-json\/wp\/v2\/media\/1559"}],"wp:attachment":[{"href":"https:\/\/www.vizyon2023.com.tr\/index.php\/wp-json\/wp\/v2\/media?parent=1557"}],"wp:term":[{"taxonomy":"category","embeddable":true,"href":"https:\/\/www.vizyon2023.com.tr\/index.php\/wp-json\/wp\/v2\/categories?post=1557"},{"taxonomy":"post_tag","embeddable":true,"href":"https:\/\/www.vizyon2023.com.tr\/index.php\/wp-json\/wp\/v2\/tags?post=1557"}],"curies":[{"name":"wp","href":"https:\/\/api.w.org\/{rel}","templated":true}]}}