{"id":1551,"date":"2017-11-02T09:02:03","date_gmt":"2017-11-02T07:02:03","guid":{"rendered":"http:\/\/www.vizyon2023.com.tr\/?p=1551"},"modified":"2017-11-02T09:02:03","modified_gmt":"2017-11-02T07:02:03","slug":"bakan-albayrak-2018de-ruzgarda-surpriz-adimlar-atilacak","status":"publish","type":"post","link":"https:\/\/www.vizyon2023.com.tr\/index.php\/2017\/11\/02\/bakan-albayrak-2018de-ruzgarda-surpriz-adimlar-atilacak\/","title":{"rendered":"Bakan Albayrak: 2018\u2019de r\u00fczg\u00e2rda s\u00fcrpriz ad\u0131mlar at\u0131lacak."},"content":{"rendered":"<p><img loading=\"lazy\" class=\"alignnone size-full wp-image-1552\" src=\"http:\/\/www.vizyon2023.com.tr\/wp-content\/uploads\/2017\/11\/660x310-2018-ruzgrda-surpriz-yil-olacak-1509574705941.jpeg\" alt=\"660x310-2018-ruzgrda-surpriz-yil-olacak-1509574705941\" width=\"660\" height=\"310\" \/><\/p>\n<p>R\u00fczg\u00e2r\u0131 yeni modelle desteklemeye devam edeceklerini belirten Enerji Bakan\u0131 Berat Albayrak, \u201c2018\u2019de r\u00fczg\u00e2rda s\u00fcrpriz ad\u0131mlar at\u0131lacak. Piyasalar\u0131 \u015fa\u015f\u0131rtmaya devam edece\u011fiz\u201d dedi.<a class=\"backLink\" href=\"https:\/\/www.ahaber.com.tr\/ekonomi\/2017\/11\/02\/bakan-albayrak-2018de-ruzgrda-surpriz-adimlar-atilacak\">.<\/a><\/p>\n<p>Enerji ve Tabi Kaynaklar Bakan\u0131 Berat Albayrak, Yenilenebilir Enerji Kaynak Alanlar\u0131 (YEKA) modelinin, r\u00fczgarda da g\u00fcne\u015fte de seneye farkl\u0131 s\u00fcrpriz ad\u0131mlarla devam edece\u011fini belirterek, &#8220;Hi\u00e7bir \u015fekilde geri ad\u0131m atmayaca\u011f\u0131z. B\u00fcy\u00fcme ve geli\u015fme anlam\u0131nda piyasay\u0131 \u015fa\u015f\u0131rtmaya ve &#8216;vay be!&#8217; dedirtmeye devam edece\u011fiz&#8221; dedi. 6&#8217;nc\u0131 R\u00fczg\u00e2r Enerjisi Kongresi&#8217;nde konu\u015fan Albayrak, &#8220;80 bin megavat\u0131n y\u00fczde 100&#8217;\u00fcn\u00fc r\u00fczg\u00e2r yaps\u0131n, g\u00fcne\u015f yaps\u0131n diyorlar. Bu, baz\u0131lar\u0131n\u0131n bilgi sahibi olmadan fikir sahibi olma ya da ortam\u0131 manip\u00fcle etmek i\u00e7in olu\u015fturdu\u011fu yanl\u0131\u015f bilgiler. Baz y\u00fck\u00fcnden, arz g\u00fcvenli\u011fine dengeli \u015fekilde portf\u00f6y\u00fc y\u00f6netmek, kullanmak durumunday\u0131z. \u00d6nceli\u011fimiz enerjide de d\u0131\u015fa ba\u011f\u0131ml\u0131l\u0131\u011f\u0131 d\u00fc\u015f\u00fcrmekse yerli kaynaklar\u0131n kullan\u0131m\u0131nda y\u00fczde 30&#8217;lardan 40&#8217;lara 50&#8217;lere \u00e7\u0131k\u0131yoruz&#8221; dedi.<\/p>\n<p><b>YIL B\u0130TMEDEN ADIM ATILACAK<\/b><\/p>\n<p>Albayrak, r\u00fczg\u00e2rda bekleyen kapasitelerle ilgili olarak kas\u0131m-aral\u0131k gibi ad\u0131m at\u0131laca\u011f\u0131n\u0131 da a\u00e7\u0131klad\u0131. Albayrak, &#8220;Bu kapasitelerle ilgili s\u00fcreci de bu y\u0131l bitmeden tamamlay\u0131p sekt\u00f6r\u00fcn \u00f6n\u00fcn\u00fc h\u0131zl\u0131ca a\u00e7arak 2018&#8217;e \u00e7ok net ve somut bir \u015fekilde ilerleyece\u011fiz&#8221; \u015feklinde konu\u015ftu. G\u00fcne\u015f ve r\u00fczg\u00e2rda yeni modeller \u00fczerinde \u00e7al\u0131\u015ft\u0131klar\u0131n\u0131 belirten Bakan Albayrak \u015f\u00f6yle dedi: &#8220;YEKA bir\u00e7ok anlamda ba\u015far\u0131l\u0131 ve d\u00fcnyada ses getiren bir model oldu. T\u00fcrkiye yat\u0131r\u0131m kapasitesi, potansiyeli, yat\u0131r\u0131m te\u015fvikleri ve cazip f\u0131rsatlar\u0131yla uluslararas\u0131 yat\u0131r\u0131mc\u0131lar i\u00e7in cazip modeller ortaya \u00e7\u0131kard\u0131.&#8221;<\/p>\n<p><strong>R\u00dcZG\u00c2RDA TE\u015eV\u0130K D\u00d6NEM\u0130 B\u0130TT\u0130<\/strong><\/p>\n<p>Enerji Piyasas\u0131 D\u00fczenleme Kurumu (EPDK) Ba\u015fkan\u0131 Mustafa Y\u0131lmaz, T\u00fcrkiye&#8217;nin 48 bin megavatl\u0131k potansiyelini do\u011fru kullanarak r\u00fczgarda h\u0131zla ilerledi\u011fini dile getirdi. Y\u0131lmaz, &#8220;T\u00fcrkiye&#8217;de r\u00fczg\u00e2r eken kazan\u00e7 bi\u00e7iyor. Y\u0131l sonuna kadar kalan 32 b\u00f6lgenin yar\u0131\u015fmalar\u0131 tamamlanacak ve \u00f6n lisanslar\u0131n\u0131 verece\u011fiz. Bug\u00fcn art\u0131k te\u015fvikler d\u00f6nemi bitmi\u015ftir. Projelerle birlikte RES&#8217;lerin pay\u0131n\u0131n y\u00fczde 10 olmas\u0131n\u0131 bekliyoruz&#8221; dedi.<\/p>\n<p><img loading=\"lazy\" class=\"alignnone size-full wp-image-1553\" src=\"http:\/\/www.vizyon2023.com.tr\/wp-content\/uploads\/2017\/11\/0x0-2018-ruzgrda-surpriz-yil-olacak-1509574692068.jpeg\" alt=\"0x0-2018-ruzgrda-surpriz-yil-olacak-1509574692068\" width=\"600\" height=\"411\" \/><\/p>\n<p><b>T\u00dcRK\u0130YE E\u015e\u0130\u011e\u0130 A\u015eAN\u00a0<\/b><b>D\u00d6RT \u00dcLKEDEN B\u0130R\u0130<\/b><\/p>\n<p>TBMM \u00c7evre Komisyonu Ba\u015fkan\u0131 Cihan Pekta\u015f, T\u00fcrkiye&#8217;nin 2007&#8217;de 95 megavat olan g\u00fcne\u015f enerjisi kapasitesinin 2017&#8217;de 6 bin 500 megavata \u00e7\u0131kt\u0131\u011f\u0131n\u0131 belirterek, &#8220;T\u00fcrkiye yenilenebilir enerji alan\u0131ndaki yat\u0131r\u0131mlarla Avrupa&#8217;da \u0130ngiltere, Fransa ve Hollanda ile birlikte 1 milyar dolar e\u015fi\u011fini a\u015fan d\u00f6rt \u00fclkeden biri olmu\u015ftur&#8221; dedi.<\/p>\n<p>SABAH<\/p>\n","protected":false},"excerpt":{"rendered":"<p>R\u00fczg\u00e2r\u0131 yeni modelle desteklemeye devam edeceklerini belirten Enerji Bakan\u0131 Berat Albayrak, \u201c2018\u2019de r\u00fczg\u00e2rda s\u00fcrpriz ad\u0131mlar at\u0131lacak. Piyasalar\u0131 \u015fa\u015f\u0131rtmaya devam edece\u011fiz\u201d dedi.. Enerji ve Tabi Kaynaklar Bakan\u0131 Berat Albayrak, Yenilenebilir Enerji Kaynak Alanlar\u0131 (YEKA) modelinin, r\u00fczgarda da g\u00fcne\u015fte de seneye farkl\u0131 s\u00fcrpriz ad\u0131mlarla devam edece\u011fini belirterek, &#8220;Hi\u00e7bir \u015fekilde geri ad\u0131m atmayaca\u011f\u0131z. B\u00fcy\u00fcme ve geli\u015fme anlam\u0131nda piyasay\u0131 [&hellip;]<\/p>\n","protected":false},"author":8,"featured_media":1554,"comment_status":"open","ping_status":"closed","sticky":false,"template":"","format":"standard","meta":[],"categories":[85],"tags":[],"_links":{"self":[{"href":"https:\/\/www.vizyon2023.com.tr\/index.php\/wp-json\/wp\/v2\/posts\/1551"}],"collection":[{"href":"https:\/\/www.vizyon2023.com.tr\/index.php\/wp-json\/wp\/v2\/posts"}],"about":[{"href":"https:\/\/www.vizyon2023.com.tr\/index.php\/wp-json\/wp\/v2\/types\/post"}],"author":[{"embeddable":true,"href":"https:\/\/www.vizyon2023.com.tr\/index.php\/wp-json\/wp\/v2\/users\/8"}],"replies":[{"embeddable":true,"href":"https:\/\/www.vizyon2023.com.tr\/index.php\/wp-json\/wp\/v2\/comments?post=1551"}],"version-history":[{"count":1,"href":"https:\/\/www.vizyon2023.com.tr\/index.php\/wp-json\/wp\/v2\/posts\/1551\/revisions"}],"predecessor-version":[{"id":1555,"href":"https:\/\/www.vizyon2023.com.tr\/index.php\/wp-json\/wp\/v2\/posts\/1551\/revisions\/1555"}],"wp:featuredmedia":[{"embeddable":true,"href":"https:\/\/www.vizyon2023.com.tr\/index.php\/wp-json\/wp\/v2\/media\/1554"}],"wp:attachment":[{"href":"https:\/\/www.vizyon2023.com.tr\/index.php\/wp-json\/wp\/v2\/media?parent=1551"}],"wp:term":[{"taxonomy":"category","embeddable":true,"href":"https:\/\/www.vizyon2023.com.tr\/index.php\/wp-json\/wp\/v2\/categories?post=1551"},{"taxonomy":"post_tag","embeddable":true,"href":"https:\/\/www.vizyon2023.com.tr\/index.php\/wp-json\/wp\/v2\/tags?post=1551"}],"curies":[{"name":"wp","href":"https:\/\/api.w.org\/{rel}","templated":true}]}}