{"id":1541,"date":"2017-11-01T14:49:34","date_gmt":"2017-11-01T12:49:34","guid":{"rendered":"http:\/\/www.vizyon2023.com.tr\/?p=1541"},"modified":"2017-11-01T14:49:34","modified_gmt":"2017-11-01T12:49:34","slug":"cumhurbaskani-erdogan-ataturk-kultur-merkezinin-yerine-cok-daha-buyugunu-ve-modernini-yapacagiz","status":"publish","type":"post","link":"https:\/\/www.vizyon2023.com.tr\/index.php\/2017\/11\/01\/cumhurbaskani-erdogan-ataturk-kultur-merkezinin-yerine-cok-daha-buyugunu-ve-modernini-yapacagiz\/","title":{"rendered":"Cumhurba\u015fkan\u0131 Erdo\u011fan: Atat\u00fcrk K\u00fclt\u00fcr Merkezi&#8217;nin yerine \u00e7ok daha b\u00fcy\u00fc\u011f\u00fcn\u00fc ve modernini yapaca\u011f\u0131z."},"content":{"rendered":"<p><img loading=\"lazy\" class=\"alignnone size-full wp-image-1542\" src=\"http:\/\/www.vizyon2023.com.tr\/wp-content\/uploads\/2017\/11\/660x310-cumhurbaskani-erdogan-ataturk-kultur-merkezinin-yerine-cok-daha-buyugunu-ve-modernini-yapacagiz-1509536162963.jpg\" alt=\"660x310-cumhurbaskani-erdogan-ataturk-kultur-merkezinin-yerine-cok-daha-buyugunu-ve-modernini-yapacagiz-1509536162963\" width=\"660\" height=\"310\" \/><\/p>\n<p>3. Turizm \u015euras\u0131&#8217;nda konu\u015fan Cumhurba\u015fkan\u0131 Erdo\u011fan &#8220;Buradan bir m\u00fcjde vermek istiyorum. Atat\u00fcrk K\u00fclt\u00fcr Merkezi&#8217;nin yerine \u00e7ok daha b\u00fcy\u00fc\u011f\u00fcn\u00fc ve modernini yapaca\u011f\u0131z. 2019&#8217;un sonuna kadar \u0130stanbul&#8217;a opera binas\u0131n\u0131 kazand\u0131rm\u0131\u015f olaca\u011f\u0131z.&#8221; a\u00e7\u0131klamas\u0131nda bulundu<a class=\"backLink\" href=\"https:\/\/www.ahaber.com.tr\/gundem\/2017\/11\/01\/cumhurbaskani-erdogan-ataturk-kultur-merkezinin-yerine-cok-daha-buyugunu-ve-modernini-yapacagiz\">.<\/a><\/p>\n<p>Cumhurba\u015fkan\u0131 Erdo\u011fan, Cumhurba\u015fkanl\u0131\u011f\u0131 K\u00fclliyesi&#8217;nde 3. Turizm \u015euras\u0131&#8217;nda konu\u015ftu.<\/p>\n<p>Cumhurba\u015fkan\u0131 Erdo\u011fan&#8217;\u0131n a\u00e7\u0131klamas\u0131ndan sat\u0131r ba\u015flar\u0131:<\/p>\n<p>Turizmin insanl\u0131\u011f\u0131n tarihi kadar eski bir ge\u00e7mi\u015fi vard\u0131r. Turizmin bir sekt\u00f6r haline gelmesi ge\u00e7ti\u011fimiz y\u00fczy\u0131lda ortaya \u00e7\u0131km\u0131\u015ft\u0131r. Bug\u00fcn art\u0131k do\u011frudan ve dolayl\u0131 etkileri ile d\u00fcnya ekonomisine b\u00fcy\u00fck katk\u0131s\u0131 olan bir sekt\u00f6rden bahsediyoruz.<\/p>\n<p><strong>OLUMLU \u0130ST\u0130KAMETTE GEL\u0130\u015e\u0130YORUZ<\/strong><\/p>\n<p>Suriye ve Irak merkezli olarak b\u00f6lgemizde ya\u015fanan geli\u015fmelerle \u00fclkemizdeki ter\u00f6r eylemleri ve darbe giri\u015fimi turizmimizi etkilemi\u015ftir. Bu y\u0131l\u0131n ilk 8 ay\u0131nda 22 milyonu yakalamam\u0131z bizler i\u00e7in umut vesilesidir. Demek ki olumlu istikamette geli\u015fiyoruz.<\/p>\n<p><strong>DEVLET\u0130M\u0130Z SEKT\u00d6R\u00dcN YANINDADIR<\/strong><\/p>\n<p>Sekt\u00f6r\u00fcn ya\u015fad\u0131\u011f\u0131 k\u00f6t\u00fc g\u00fcnleri geride b\u0131rakmaya ba\u015flad\u0131k. Ya\u015fanan olumsuzluklar\u0131 telafi etmek i\u00e7in uygulanan d\u00fc\u015f\u00fck fiyat politikas\u0131n\u0131n \u00f6nemi b\u00fcy\u00fck. Turizmde art\u0131k y\u00fckseli\u015f d\u00f6nemidir. Devletimiz sekt\u00f6r\u00fcn yan\u0131ndad\u0131r. T\u00fcrkiye&#8217;nin potansiyeli \u00f6yle b\u00fcy\u00fckt\u00fcr ki kaybetti\u011fimiz pazarlar\u0131n katbekat b\u00fcy\u00fckleri bir el uzat\u0131m\u0131 mesafede bizleri beklemektedir.<\/p>\n<p><strong>DEN\u0130Z\u0130 BA\u015eKA, YAYLALARI BA\u015eKA&#8230;<\/strong><\/p>\n<p>\u0130nsanlar art\u0131k gittikleri her yerde hayat\u0131n her alan\u0131na ula\u015fmak istiyor. \u0130nsanlar hediyelik e\u015fyalar kadar unutulmaz hat\u0131ralar da biriktirmek istiyorlar. D\u00fcnyada ba\u015fka hangi \u00fclkede bizdeki kadar zengin mutfak k\u00fclt\u00fcr\u00fc, folklor k\u00fclt\u00fcr\u00fc, bu denli k\u00f6kl\u00fc ve farkl\u0131 medeniyetlerin izleri s\u00fcr\u00fclebilir. Denizi bir ba\u015fka yaylalar\u0131 bir ba\u015fka, hele insan\u0131 daha ba\u015fka g\u00fczelli\u011fe sahip ka\u00e7 \u00fclke var.<\/p>\n<p><strong>KAPISINA GELENE TERS BAKAN B\u0130R M\u0130LLET DE\u011e\u0130L\u0130Z<\/strong><\/p>\n<p>Milletimiz i\u00e7in tanr\u0131 misafiri sofras\u0131nda ne varsa b\u00f6l\u00fc\u015febilece\u011fi, \u00e7ay\u0131n\u0131, ayran\u0131n\u0131 i\u00e7irmeden g\u00f6nderemeyece\u011fi ki\u015fi demektir. Kap\u0131s\u0131na gelene ters bakan bir millet de\u011filiz biz. T\u00fcrk \u00f6rf\u00fcn\u00fc adetini sunduk, sunmaya da devam edece\u011fiz. Turistlere \u00fclkemizin g\u00fczellikleri yan\u0131nda insan\u0131m\u0131z\u0131n manevi derinli\u011fini g\u00f6sterdi\u011fimizde sadece para de\u011fil dost kazanm\u0131\u015f oluruz.<\/p>\n<p><strong>\u015eANLIURFA&#8217;NIN BA\u015eVURUSU KABUL ED\u0130LD\u0130<\/strong><\/p>\n<p>E\u011fer g\u00f6nl\u00fcn\u00fc kazand\u0131\u011f\u0131m\u0131z insanlarla g\u00f6k kubbede ho\u015f bir seda b\u0131rakabiliyorsak ne mutlu bize. T\u00fcrkiye&#8217;nin bir a\u00e7\u0131khava m\u00fczesi olmas\u0131 ile \u00f6v\u00fcnmek hakk\u0131m\u0131zd\u0131r. Ama as\u0131l \u00f6nemli olan bu zenginli\u011fi de\u011ferlendirebilmektir. \u00d6rne\u011fin Gaziantep gastronomi alan\u0131nda UNESCO&#8217;ya kat\u0131lm\u0131\u015ft\u0131r. \u015eanl\u0131urfa&#8217;n\u0131n m\u00fczik alan\u0131nda yapt\u0131\u011f\u0131 ba\u015fvuru kabul edilmi\u015ftir. Malatya kay\u0131s\u0131s\u0131ndan Adana kebab\u0131na \u00f6nce sahip \u00e7\u0131kmal\u0131y\u0131z, sonra insanl\u0131\u011fa sunmal\u0131y\u0131z.<\/p>\n<p><strong>\u00dcSTES\u0130NDEN GELEMEYECE\u011e\u0130M\u0130Z SORUN YOK<\/strong><\/p>\n<p>\u0130stanbul gibi m\u00fccevher de\u011ferinde bir \u015fehrin potansiyelini tam olarak kullanm\u0131\u015f de\u011filiz. \u0130n\u015fallah turizm politikam\u0131z\u0131 bu y\u00f6nde geli\u015ftirece\u011fiz. Turistlerin beklentileri ile elimizdeki imkanlar\u0131 bir araya getirdi\u011fimizde \u00fcstesinden gelemeyece\u011fimiz sorun yok.<\/p>\n<p><strong>D\u00dcNYAYA HAK\u0130KATLAR\u0130 ANLATMANIN GAYRET\u0130 \u0130\u00c7\u0130NDEY\u0130Z<\/strong><\/p>\n<p>T\u00fcrkiye birka\u00e7 y\u0131ld\u0131r ekonomik sald\u0131r\u0131lara da maruz kal\u0131yoruz. Kredi derecelendirme kurulu\u015flar\u0131n\u0131n siyasi ve art niyetli notlar\u0131n\u0131 art\u0131k kimse ciddiye alm\u0131yor. Onun i\u00e7in biz i\u015fimize bakaca\u011f\u0131z. T\u00fcrkiye g\u00fc\u00e7l\u00fc bir \u00fclke. Turizmde de \u00fclkemize y\u00f6nelik seyahat uyar\u0131lar\u0131 \u00f6nemini kaybediyor. Hep s\u00f6yledi\u011fim gibi yalanlar\u0131n en b\u00fcy\u00fck panzehiri hakikatlerdir. Biz t\u00fcm d\u00fcnyaya hakikatleri anlatman\u0131n gayreti i\u00e7inde olaca\u011f\u0131z. Yurt d\u0131\u015f\u0131nda ya\u015fayan vatanda\u015f\u0131m\u0131z\u0131n her birini g\u00f6n\u00fcll\u00fc turizm el\u00e7imiz olarak kabul ediyorum.<\/p>\n<p><strong>ALMANYA&#8217;DAN GELEN TUR\u0130ST SAYISI Y\u00dcKSEK OLDU<\/strong><\/p>\n<p>Ge\u00e7ti\u011fimiz y\u0131l ba\u015flatt\u0131\u011f\u0131m\u0131z kom\u015funu al tatile gel kampanyas\u0131 ba\u015flatm\u0131\u015ft\u0131k. Almanya&#8217;daki se\u00e7im s\u00fcrecinde t\u00fcm alg\u0131 kampanyas\u0131na ra\u011fmen Almanya&#8217;dan gelen turist say\u0131s\u0131 y\u00fcksek oldu. Yeni d\u00f6nemde mevcut pazarlar\u0131 geli\u015ftirirsek \u00c7in ba\u015fta olmak \u00fczere Hindistan G\u00fcney Amerika gibi yeni alanlara a\u011f\u0131rl\u0131k vermeliyiz.<\/p>\n<p><strong>M\u00dcJDE VERMEK \u0130ST\u0130YORUM<\/strong><\/p>\n<p>Bug\u00fcn burada bir m\u00fcjde vermek istiyorum. Yar\u0131 opera binas\u0131 dedi\u011fimiz bir kongre merkezimiz. \u015eimdi \u0130stanbul&#8217;da AKM&#8217;yi y\u0131k\u0131yoruz ve daha b\u00fcy\u00fc\u011f\u00fcn\u00fc \u00e7ok daha modern bir mimari ile in\u015fallah \u0130stanbul&#8217;da pazartesi g\u00fcn\u00fc lansman\u0131n\u0131 yapaca\u011f\u0131m. Bu lansman ile 2019&#8217;un sonuna kadar \u0130stanbul&#8217;a opera binas\u0131n\u0131 kazand\u0131rm\u0131\u015f olaca\u011f\u0131z.<\/p>\n<p><a class=\"backLink\" href=\"https:\/\/www.ahaber.com.tr\/gundem\/2017\/11\/01\/cumhurbaskani-erdogan-ataturk-kultur-merkezinin-yerine-cok-daha-buyugunu-ve-modernini-yapacagiz\">.<\/a><\/p>\n","protected":false},"excerpt":{"rendered":"<p>3. Turizm \u015euras\u0131&#8217;nda konu\u015fan Cumhurba\u015fkan\u0131 Erdo\u011fan &#8220;Buradan bir m\u00fcjde vermek istiyorum. Atat\u00fcrk K\u00fclt\u00fcr Merkezi&#8217;nin yerine \u00e7ok daha b\u00fcy\u00fc\u011f\u00fcn\u00fc ve modernini yapaca\u011f\u0131z. 2019&#8217;un sonuna kadar \u0130stanbul&#8217;a opera binas\u0131n\u0131 kazand\u0131rm\u0131\u015f olaca\u011f\u0131z.&#8221; a\u00e7\u0131klamas\u0131nda bulundu. Cumhurba\u015fkan\u0131 Erdo\u011fan, Cumhurba\u015fkanl\u0131\u011f\u0131 K\u00fclliyesi&#8217;nde 3. Turizm \u015euras\u0131&#8217;nda konu\u015ftu. Cumhurba\u015fkan\u0131 Erdo\u011fan&#8217;\u0131n a\u00e7\u0131klamas\u0131ndan sat\u0131r ba\u015flar\u0131: Turizmin insanl\u0131\u011f\u0131n tarihi kadar eski bir ge\u00e7mi\u015fi vard\u0131r. Turizmin bir sekt\u00f6r [&hellip;]<\/p>\n","protected":false},"author":8,"featured_media":1542,"comment_status":"open","ping_status":"closed","sticky":false,"template":"","format":"standard","meta":[],"categories":[85],"tags":[],"_links":{"self":[{"href":"https:\/\/www.vizyon2023.com.tr\/index.php\/wp-json\/wp\/v2\/posts\/1541"}],"collection":[{"href":"https:\/\/www.vizyon2023.com.tr\/index.php\/wp-json\/wp\/v2\/posts"}],"about":[{"href":"https:\/\/www.vizyon2023.com.tr\/index.php\/wp-json\/wp\/v2\/types\/post"}],"author":[{"embeddable":true,"href":"https:\/\/www.vizyon2023.com.tr\/index.php\/wp-json\/wp\/v2\/users\/8"}],"replies":[{"embeddable":true,"href":"https:\/\/www.vizyon2023.com.tr\/index.php\/wp-json\/wp\/v2\/comments?post=1541"}],"version-history":[{"count":1,"href":"https:\/\/www.vizyon2023.com.tr\/index.php\/wp-json\/wp\/v2\/posts\/1541\/revisions"}],"predecessor-version":[{"id":1543,"href":"https:\/\/www.vizyon2023.com.tr\/index.php\/wp-json\/wp\/v2\/posts\/1541\/revisions\/1543"}],"wp:featuredmedia":[{"embeddable":true,"href":"https:\/\/www.vizyon2023.com.tr\/index.php\/wp-json\/wp\/v2\/media\/1542"}],"wp:attachment":[{"href":"https:\/\/www.vizyon2023.com.tr\/index.php\/wp-json\/wp\/v2\/media?parent=1541"}],"wp:term":[{"taxonomy":"category","embeddable":true,"href":"https:\/\/www.vizyon2023.com.tr\/index.php\/wp-json\/wp\/v2\/categories?post=1541"},{"taxonomy":"post_tag","embeddable":true,"href":"https:\/\/www.vizyon2023.com.tr\/index.php\/wp-json\/wp\/v2\/tags?post=1541"}],"curies":[{"name":"wp","href":"https:\/\/api.w.org\/{rel}","templated":true}]}}