{"id":1536,"date":"2017-11-01T14:12:59","date_gmt":"2017-11-01T12:12:59","guid":{"rendered":"http:\/\/www.vizyon2023.com.tr\/?p=1536"},"modified":"2017-11-01T14:44:57","modified_gmt":"2017-11-01T12:44:57","slug":"cumhurbaskani-erdogan-akmyi-yikiyoruz-yeni-projeyi-pazartesi-aciklayacagim","status":"publish","type":"post","link":"https:\/\/www.vizyon2023.com.tr\/index.php\/2017\/11\/01\/cumhurbaskani-erdogan-akmyi-yikiyoruz-yeni-projeyi-pazartesi-aciklayacagim\/","title":{"rendered":"Cumhurba\u015fkan\u0131 Erdo\u011fan: AKM&#8217;yi y\u0131k\u0131yoruz, yeni projeyi pazartesi a\u00e7\u0131klayaca\u011f\u0131m"},"content":{"rendered":"<h2><strong><img loading=\"lazy\" class=\"alignnone wp-image-1514\" src=\"http:\/\/www.vizyon2023.com.tr\/wp-content\/uploads\/2017\/09\/793766.jpg\" alt=\"793766\" width=\"559\" height=\"309\" \/><\/strong><\/h2>\n<h2>\u00a0 \u00a0Be\u015ftepe&#8217;de d\u00fczenlenen 3. Turizm \u015euras\u0131&#8217;nda konu\u015fan ve AKM&#8217;nin y\u0131kalaca\u011f\u0131n\u0131 a\u00e7\u0131klayan Cumhurba\u015fkan\u0131 Recep Tayyip Erdo\u011fan &#8220;Bug\u00fcn burada bir m\u00fcjde vermek istiyorum.\u0130stanbul&#8217;da AKM&#8217;yi y\u0131k\u0131yoruz ve daha b\u00fcy\u00fc\u011f\u00fcn\u00fc \u00e7ok daha modern bir mimari ile in\u015fallah \u0130stanbul&#8217;da pazartesi g\u00fcn\u00fc lansman\u0131n\u0131 yapaca\u011f\u0131m. Bu lansman ile 2019&#8217;un sonuna kadar \u0130stanbul&#8217;a opera binas\u0131n\u0131 kazand\u0131rm\u0131\u015f olaca\u011f\u0131z&#8221;dedi.<\/h2>\n<p>Cumhurba\u015fkan\u0131 Recep\u00a0<a class=\"tag\" title=\"\" href=\"http:\/\/www.milliyet.com.tr\/tayyip-erdogan\/\" target=\"_blank\">Tayyip Erdo\u011fan<\/a>, Be\u015ftepe Millet K\u00fclt\u00fcr ve Kongre Merkezi&#8217;nde \u00a0d\u00fczenlenen 3. Turizm \u015euras\u0131&#8217;nda konu\u015ftu.\u00a0&#8220;\u00d6n\u00fcm\u00fczdeki 10 y\u0131l boyunca d\u00fcnya \u00fczerinde b\u00fcy\u00fcmenin daha da \u00e7ok olaca\u011f\u0131 \u00f6n g\u00f6r\u00fcl\u00fcyor&#8221;diyen Erdo\u011fan&#8217;\u0131n konu\u015fmas\u0131n\u0131n sat\u0131r ba\u015flar\u0131 \u015f\u00f6yle:\u00a0Turizmin insanl\u0131\u011f\u0131n tarihi kadar eski bir ge\u00e7mi\u015fi vard\u0131r. Turizmin bir sekt\u00f6r haline gelmesi ge\u00e7ti\u011fimiz y\u00fczy\u0131lda ortaya \u00e7\u0131km\u0131\u015ft\u0131r. Bug\u00fcn art\u0131k do\u011frudan ve dolayl\u0131 etkileri ile d\u00fcnya ekonomisine b\u00fcy\u00fck katk\u0131s\u0131 olan bir sekt\u00f6rden bahsediyoruz.<\/p>\n<p>Suriye ve Irak merkezli olarak b\u00f6lgemizde ya\u015fanan geli\u015fmelerle \u00fclkemizdeki ter\u00f6r eylemleri ve darbe giri\u015fimi turizmimizi etkilemi\u015ftir. Bu y\u0131l\u0131n ilk 8 ay\u0131nda 22 milyonu yakalamam\u0131z bizler i\u00e7in umut vesilesidir. Demek ki olumlu istikamette\u00a0geli\u015fiyoruz.<\/p>\n","protected":false},"excerpt":{"rendered":"<p>\u00a0 \u00a0Be\u015ftepe&#8217;de d\u00fczenlenen 3. Turizm \u015euras\u0131&#8217;nda konu\u015fan ve AKM&#8217;nin y\u0131kalaca\u011f\u0131n\u0131 a\u00e7\u0131klayan Cumhurba\u015fkan\u0131 Recep Tayyip Erdo\u011fan &#8220;Bug\u00fcn burada bir m\u00fcjde vermek istiyorum.\u0130stanbul&#8217;da AKM&#8217;yi y\u0131k\u0131yoruz ve daha b\u00fcy\u00fc\u011f\u00fcn\u00fc \u00e7ok daha modern bir mimari ile in\u015fallah \u0130stanbul&#8217;da pazartesi g\u00fcn\u00fc lansman\u0131n\u0131 yapaca\u011f\u0131m. Bu lansman ile 2019&#8217;un sonuna kadar \u0130stanbul&#8217;a opera binas\u0131n\u0131 kazand\u0131rm\u0131\u015f olaca\u011f\u0131z&#8221;dedi. Cumhurba\u015fkan\u0131 Recep\u00a0Tayyip Erdo\u011fan, Be\u015ftepe Millet K\u00fclt\u00fcr [&hellip;]<\/p>\n","protected":false},"author":8,"featured_media":1514,"comment_status":"open","ping_status":"closed","sticky":false,"template":"","format":"standard","meta":[],"categories":[1,85],"tags":[],"_links":{"self":[{"href":"https:\/\/www.vizyon2023.com.tr\/index.php\/wp-json\/wp\/v2\/posts\/1536"}],"collection":[{"href":"https:\/\/www.vizyon2023.com.tr\/index.php\/wp-json\/wp\/v2\/posts"}],"about":[{"href":"https:\/\/www.vizyon2023.com.tr\/index.php\/wp-json\/wp\/v2\/types\/post"}],"author":[{"embeddable":true,"href":"https:\/\/www.vizyon2023.com.tr\/index.php\/wp-json\/wp\/v2\/users\/8"}],"replies":[{"embeddable":true,"href":"https:\/\/www.vizyon2023.com.tr\/index.php\/wp-json\/wp\/v2\/comments?post=1536"}],"version-history":[{"count":1,"href":"https:\/\/www.vizyon2023.com.tr\/index.php\/wp-json\/wp\/v2\/posts\/1536\/revisions"}],"predecessor-version":[{"id":1538,"href":"https:\/\/www.vizyon2023.com.tr\/index.php\/wp-json\/wp\/v2\/posts\/1536\/revisions\/1538"}],"wp:featuredmedia":[{"embeddable":true,"href":"https:\/\/www.vizyon2023.com.tr\/index.php\/wp-json\/wp\/v2\/media\/1514"}],"wp:attachment":[{"href":"https:\/\/www.vizyon2023.com.tr\/index.php\/wp-json\/wp\/v2\/media?parent=1536"}],"wp:term":[{"taxonomy":"category","embeddable":true,"href":"https:\/\/www.vizyon2023.com.tr\/index.php\/wp-json\/wp\/v2\/categories?post=1536"},{"taxonomy":"post_tag","embeddable":true,"href":"https:\/\/www.vizyon2023.com.tr\/index.php\/wp-json\/wp\/v2\/tags?post=1536"}],"curies":[{"name":"wp","href":"https:\/\/api.w.org\/{rel}","templated":true}]}}