{"id":1525,"date":"2017-09-28T17:28:28","date_gmt":"2017-09-28T14:28:28","guid":{"rendered":"http:\/\/www.vizyon2023.com.tr\/index.php\/2017\/09\/28\/turkiye-bu-referandumu-yok-hukmunde-saymaktadir\/"},"modified":"2017-09-28T17:28:28","modified_gmt":"2017-09-28T14:28:28","slug":"turkiye-bu-referandumu-yok-hukmunde-saymaktadir","status":"publish","type":"post","link":"https:\/\/www.vizyon2023.com.tr\/index.php\/2017\/09\/28\/turkiye-bu-referandumu-yok-hukmunde-saymaktadir\/","title":{"rendered":"&#8216;T\u00fcrkiye bu referandumu yok h\u00fckm\u00fcnde saymaktad\u0131r&#8217;"},"content":{"rendered":"<p>Ba\u015fbakan Binali Y\u0131ld\u0131r\u0131m, Hitit \u00dcniversitesi&#8217;nde d\u00fczenlenen &#8220;Uluslararas\u0131 Kade\u015f Bar\u0131\u015f, E\u015fitlik ve Karde\u015flik Sempozyumu&#8221;nda konu\u015ftu.<\/p>\n<p><strong>&#8216;T\u00fcrkiye bu referandumu yok h\u00fckm\u00fcnde saymaktad\u0131r&#8217;<\/strong><\/p>\n<p>Y\u0131ld\u0131r\u0131m, IKBY&#8217;deki gayrime\u015fru referandumla ilgili \u015funlar\u0131 s\u00f6yledi:<\/p>\n<p>Birileri maalesef \u015fahsi ihtiraslar\u0131n\u0131 orada ya\u015fayan y\u00fcz binlerce, milyonlarca mazlum insan\u0131n gelece\u011fini karartma pahas\u0131na bir maceraya kalk\u0131\u015fm\u0131\u015f durumda. Bu referandum neresinden bakarsan\u0131z bak\u0131n, b\u00f6lgeye huzur getirmez, karde\u015flik getirmez, bar\u0131\u015f getirmez. O bak\u0131mdan da T\u00fcrkiye bu referandumu yok h\u00fckm\u00fcnde saymaktad\u0131r.&#8221;<\/p>\n<p>Ba\u015fbakan Y\u0131ld\u0131r\u0131m, &#8220;S\u0131n\u0131r kap\u0131lar\u0131nda muhatab\u0131m\u0131z Irak olacak, havaalanlar\u0131nda muhatab\u0131m\u0131z Ba\u011fdat olacak ve b\u00fct\u00fcn ekonomik faaliyetlerimizde birinci dereceden muhatab\u0131m\u0131z Irak merkezi y\u00f6netimi olacak.&#8221; dedi.<\/p>\n<p>Ba\u015fbakan Y\u0131ld\u0131r\u0131m, &#8220;Son be\u015f y\u0131lda Suriye&#8217;den gelen g\u00f6\u00e7menlerin 224 bin 750 bebe\u011fi g\u00f6z\u00fcn\u00fc d\u00fcnyaya bu topraklarda a\u00e7t\u0131. 509 bin s\u0131\u011f\u0131nmac\u0131 evlad\u0131m\u0131za e\u011fitim hizmeti veriyoruz. Okullarda T\u00fcrk karde\u015fleriyle beraber e\u011fitim g\u00f6r\u00fcyorlar. 200 bin yeti\u015fkin karde\u015fimiz mesleki e\u011fitim al\u0131yor, kurslar al\u0131yor, hayata haz\u0131rlan\u0131yor. 19 bin 332 gen\u00e7 \u00fcniversitelerde okuyor yani \u00c7orum Hitit \u00dcniversitesinin \u00f6\u011frenci say\u0131s\u0131 kadar Suriyeli m\u00fclteci konumundaki \u00f6\u011frenciler bizim \u00fcniversitelerimizde gelece\u011fe haz\u0131rlan\u0131yor.&#8221; dedi.<\/p>\n","protected":false},"excerpt":{"rendered":"<p>Ba\u015fbakan Y\u0131ld\u0131r\u0131m, Irak&#8217;taki gayrime\u015fru referandumla ilgili, &#8216;B\u00f6lgeye huzur getirmez, karde\u015flik getirmez, bar\u0131\u015f getirmez. T\u00fcrkiye bu referandumu yok h\u00fckm\u00fcnde saymaktad\u0131r.&#8217; dedi.<\/p>\n","protected":false},"author":1000097,"featured_media":1526,"comment_status":"open","ping_status":"closed","sticky":false,"template":"","format":"standard","meta":[],"categories":[83],"tags":[],"_links":{"self":[{"href":"https:\/\/www.vizyon2023.com.tr\/index.php\/wp-json\/wp\/v2\/posts\/1525"}],"collection":[{"href":"https:\/\/www.vizyon2023.com.tr\/index.php\/wp-json\/wp\/v2\/posts"}],"about":[{"href":"https:\/\/www.vizyon2023.com.tr\/index.php\/wp-json\/wp\/v2\/types\/post"}],"author":[{"embeddable":true,"href":"https:\/\/www.vizyon2023.com.tr\/index.php\/wp-json\/wp\/v2\/users\/1000097"}],"replies":[{"embeddable":true,"href":"https:\/\/www.vizyon2023.com.tr\/index.php\/wp-json\/wp\/v2\/comments?post=1525"}],"version-history":[{"count":0,"href":"https:\/\/www.vizyon2023.com.tr\/index.php\/wp-json\/wp\/v2\/posts\/1525\/revisions"}],"wp:featuredmedia":[{"embeddable":true,"href":"https:\/\/www.vizyon2023.com.tr\/index.php\/wp-json\/wp\/v2\/media\/1526"}],"wp:attachment":[{"href":"https:\/\/www.vizyon2023.com.tr\/index.php\/wp-json\/wp\/v2\/media?parent=1525"}],"wp:term":[{"taxonomy":"category","embeddable":true,"href":"https:\/\/www.vizyon2023.com.tr\/index.php\/wp-json\/wp\/v2\/categories?post=1525"},{"taxonomy":"post_tag","embeddable":true,"href":"https:\/\/www.vizyon2023.com.tr\/index.php\/wp-json\/wp\/v2\/tags?post=1525"}],"curies":[{"name":"wp","href":"https:\/\/api.w.org\/{rel}","templated":true}]}}