{"id":1523,"date":"2017-09-28T17:28:07","date_gmt":"2017-09-28T14:28:07","guid":{"rendered":"http:\/\/www.vizyon2023.com.tr\/index.php\/2017\/09\/28\/teror-orgutu-pkkya-katilimda-30-yilin-en-dusuk-seviyesindeyiz\/"},"modified":"2017-09-28T17:28:07","modified_gmt":"2017-09-28T14:28:07","slug":"teror-orgutu-pkkya-katilimda-30-yilin-en-dusuk-seviyesindeyiz","status":"publish","type":"post","link":"https:\/\/www.vizyon2023.com.tr\/index.php\/2017\/09\/28\/teror-orgutu-pkkya-katilimda-30-yilin-en-dusuk-seviyesindeyiz\/","title":{"rendered":"&#8216;Ter\u00f6r \u00f6rg\u00fct\u00fc PKK&#8217;ya kat\u0131l\u0131mda 30 y\u0131l\u0131n en d\u00fc\u015f\u00fck seviyesindeyiz&#8217;"},"content":{"rendered":"<p>\u0130\u00e7i\u015fleri Bakan\u0131 Soylu, &#8220;B\u00f6l\u00fcc\u00fc ter\u00f6r \u00f6rg\u00fct\u00fc PKK&#8217;ya kat\u0131l\u0131mda son 30 y\u0131l\u0131n en d\u00fc\u015f\u00fck seviyesindeyiz. Bu, ter\u00f6r \u00f6rg\u00fct\u00fcn\u00fc ciddi bir \u015fekilde demoralize ediyor.&#8221; dedi.<\/p>\n<p><strong>&#8220;Ter\u00f6ristlerin strateji ve taktikleri \u00e7\u00f6kt\u00fc&#8221;<\/strong><\/p>\n<p>Hava ara\u00e7lar\u0131yla izleme s\u00fcresini 2 bin 600 saate \u00e7\u0131kard\u0131klar\u0131n\u0131, bunun b\u00fcy\u00fck bir rakam oldu\u011funu dile getiren Soylu, Hakkari&#8217;den, \u015e\u0131rnak&#8217;tan Kars&#8217;a kadar olan hatt\u0131n tamam\u0131nda, bir\u00e7ok yerde, gerek gelen istihbaratlar, gerek ke\u015fif, gerekse takiple ilgili yeni bir modelleme olu\u015fturduklar\u0131n\u0131 s\u00f6yledi. Bakan Soylu, \u015f\u00f6yle devam etti:<\/p>\n<p>&#8220;Bir avantaj\u0131m\u0131z var. O da \u015fu: Bunu \u00e7ok iyi kullanabilen ve buna \u00e7ok iyi akredite olan bir be\u015fer unsuru olu\u015fturduk. \u015eu anda d\u00fcnyada bunu bu kadar iyi kullanabilen \u00fclke say\u0131s\u0131 \u00e7ok az. Peki bu bize ne getiriyor? Bu bir kere tam anlam\u0131yla s\u00f6ylemek gerekirse, ter\u00f6r \u00f6rg\u00fct\u00fcn\u00fcn kimyas\u0131 alt\u00fcst oldu. Bu nas\u0131l oldu? Ter\u00f6ristlerin strateji ve taktikleri \u00e7\u00f6kt\u00fc. 15-20 ki\u015filik gruplarla dola\u015f\u0131rlarken, 2-5 ki\u015filik gruplara d\u00fc\u015fmeye ba\u015flad\u0131lar. Gerek \u00fcstlenmeleri, gerek lojistik destek sa\u011flamalar\u0131, gerekse \u00f6zellikle bu konuda ter\u00f6r\u00fc ger\u00e7ekle\u015ftirme kabiliyetlerini ortaya koyabilecekleri eylemleriyle ilgili olarak \u0130nsans\u0131z Hava Ara\u00e7lar\u0131, bizim ald\u0131\u011f\u0131m\u0131z istihbaratlar, de\u011ferlendirmelerimiz, izlemelerimiz sonucunda bunlar\u0131n hareket etme kabiliyetlerini b\u00fcy\u00fck \u00f6l\u00e7ekte ortadan kald\u0131rd\u0131k.&#8221;<\/p>\n<p><strong>&#8220;FET\u00d6&#8217;n\u00fcn hareket kabiliyetini bitirdik&#8221;<\/strong><\/p>\n<p>&#8220;FET\u00d6&#8217;n\u00fcn hareket etme kabiliyetini \u00f6nemli \u00f6l\u00e7\u00fcde bitirdik&#8221; diyen Soylu s\u00f6zlerini \u015fu \u015fekilde s\u00fcrd\u00fcrd\u00fc:<\/p>\n<p>&#8220;T\u00fcrkiye i\u00e7erisinde s\u00f6yl\u00fcyorum. Ama gerek kendilerine y\u00f6nelik buraya hala ba\u011fl\u0131l\u0131klar\u0131n\u0131 iddia edenler, cezaevinde farkl\u0131 bir d\u00fcnya i\u00e7erisindeler. Onlara her 15 g\u00fcnde, her bir ayda, her bir bu\u00e7uk ayda bir eski g\u00fcnlere gelebilecekleri \u00fcmidini vermeye \u00e7al\u0131\u015f\u0131yorlar yani ger\u00e7eklikten kopuklar.&#8221;<\/p>\n<p><strong>&#8220;Son bir y\u0131lda 68 bin 464 operasyon yapt\u0131k&#8221;<\/strong><\/p>\n<p>\u0130\u00e7i\u015fleri Bakan\u0131 Soylu: &#8220;Son bir y\u0131lda yakla\u015f\u0131k 68 bin 464 operasyon yapt\u0131k. Bunun 40 bini PKK, 25 bini FET\u00d6, 2 bin 109&#8217;u da DEA\u015e&#8217;a y\u00f6nelik operasyon.&#8221; bilgisini payla\u015ft\u0131.<\/p>\n<p>Cezaevlerine d\u00fc\u015fen DEA\u015e mensuplar\u0131 ve sempatizanlar\u0131yla birebir m\u00fclakatlar yap\u0131ld\u0131\u011f\u0131n\u0131 belirten Soylu, \u015funlar\u0131 s\u00f6yledi:<\/p>\n<p>&#8220;M\u00fclakatlarda asl\u0131nda Adalet Bakanl\u0131\u011f\u0131yla birlikte nas\u0131l bir ter\u00f6r \u00f6rg\u00fct\u00fcyle, nas\u0131l bir mekanizmadan, dinamikten hareket eden bir ter\u00f6r \u00f6rg\u00fct\u00fcyle kar\u015f\u0131 kar\u015f\u0131ya kald\u0131\u011f\u0131m\u0131z\u0131 \u00e7\u00f6zmeye \u00e7al\u0131\u015ft\u0131k. Profil olu\u015fturduk. Orada enteresan sonu\u00e7lar ald\u0131k. Bu enteresan sonu\u00e7lar\u0131 ter\u00f6rle m\u00fccadelemizde arkada\u015flar\u0131m\u0131zla beraber kullan\u0131yoruz.&#8221;<\/p>\n<p><strong>&#8220;G\u00f6revlendirmeler do\u011fru karar&#8221;<\/strong><\/p>\n<p>Belediyelere yap\u0131lan g\u00f6revlendirmeler hakk\u0131nda konu\u015fan \u0130\u00e7i\u015fleri Bakan\u0131 Soylu, &#8220;\u00c7ok isabetli ve \u00e7ok do\u011fru bir karar oldu. Bu, bir\u00e7ok a\u00e7\u0131dan i\u00e7imizi ac\u0131t\u0131yordu.&#8221; dedi.<\/p>\n<p>Oradaki belediyelerin ter\u00f6re sa\u011flam\u0131\u015f olduklar\u0131 finansal, lojistik, moral destekler vard\u0131. Van&#8217;da sabah s\u0131cak ekmek pi\u015fiyordu, Fara\u015fin Yaylas\u0131&#8217;na, ter\u00f6r \u00f6rg\u00fct\u00fcne, bir\u00e7ok noktaya s\u0131cak ekmek gidiyordu.&#8221; diyen Soylu, &#8220;Bunlar hep belediyelerin ara\u00e7lar\u0131 ile ger\u00e7ekle\u015fti. \u015eimdi burada T\u00fcrkiye iyi bir karar verdi. Ter\u00f6r her ne olursa olsun bizim s\u00fcp\u00fcrmemiz gereken bir olayd\u0131r.&#8221; ifadelerini kulland\u0131.<\/p>\n<p><strong>&#8220;FET\u00d6&#8217;n\u00fcn momentumunu bozduk&#8221;<\/strong><\/p>\n<p>\u0130\u00e7i\u015fleri Bakan\u0131 Soylu, FET\u00d6&#8217;n\u00fcn d\u00fcnya genelindeki yap\u0131lanmas\u0131na y\u00f6nelik operasyonlar konusunda, &#8220;T\u00fcrkiye asl\u0131nda yuvarla\u011f\u0131n en ortas\u0131ndaki \u00fclkeydi. Biz buraya ciddi bir hamle yap\u0131nca di\u011fer etki alanlar\u0131nda da bir sars\u0131lma ya\u015fad\u0131lar. Biz asl\u0131nda momentumlar\u0131n\u0131 bozduk. Sadece T\u00fcrkiye&#8217;ye ait bir s\u00fcre\u00e7 de\u011fildi. Biz tam merkezindeydik.&#8221; \u015feklinde konu\u015ftu.<\/p>\n<p>&#8220;Ter\u00f6r \u00f6rg\u00fct\u00fc taban\u0131n\u0131 kaybedece\u011fini d\u00fc\u015f\u00fcnd\u00fc\u011f\u00fc i\u00e7in kaymakamlar\u0131m\u0131z\u0131 hedef al\u0131yor&#8221;<br \/>\n\u0130\u00e7i\u015fleri Bakan\u0131 Soylu: &#8220;Ter\u00f6r \u00f6rg\u00fct\u00fc orada kendi taban\u0131n\u0131 kaybedece\u011fini d\u00fc\u015f\u00fcnd\u00fc\u011f\u00fc i\u00e7in hala bizim kaymakamlar\u0131m\u0131z\u0131 hedef al\u0131yor.&#8221; dedi.<\/p>\n<p>Bakan Soylu, Bu arkada\u015flar\u0131m\u0131z orada kahramanca bir i\u015f yap\u0131yorlar. \u015eunu da s\u00f6ylemem laz\u0131m, kim memnun belediyelerin bu hizmetlerinden? Esnaf. Al\u0131\u015fveri\u015f oluyor. Belediyeler bor\u00e7lar\u0131n\u0131 \u00f6deyemiyorlard\u0131, esnafa 590 milyon bor\u00e7 \u00f6dendi bu alandaki kayyum belediyelerde \u015fu ana kadar.&#8221; de\u011ferlendirmesinde bulundu.<\/p>\n<p><strong>&#8220;Yakla\u015f\u0131k 4,5 milyon, T\u00fcrkiye&#8217;ye gelen g\u00f6\u00e7men var&#8221;<\/strong><\/p>\n<p>&#8220;3 milyon 200 bin Suriyeli s\u0131\u011f\u0131nmac\u0131m\u0131z var.&#8221; diyen Soylu s\u0131\u011f\u0131nmac\u0131lar hakk\u0131nda \u015fu bilgileri verdi:<\/p>\n<p>&#8220;Bunun yakla\u015f\u0131k 330 bin 744 civar\u0131 bizim kay\u0131tlar\u0131m\u0131za g\u00f6re kamplarda. Ama sadece Suriye&#8217;den gelmiyor. \u00d6zellikle Irak&#8217;tan 250 bin civar\u0131, Afganistan, \u0130ran, Pakistan, Somali&#8230; \u00dclkeler aras\u0131 birtak\u0131m farkl\u0131l\u0131klar\u0131 da s\u00f6z konusu. Neden T\u00fcrkiye&#8217;ye geliyor, neden T\u00fcrkiye&#8217;den gidiyor, bu da ayr\u0131 bir d\u0131\u015f politika meselesidir. O konularda da \u00e7al\u0131\u015f\u0131yoruz. Yakla\u015f\u0131k 4,5 milyon civar\u0131nda T\u00fcrkiye&#8217;ye gelen g\u00f6\u00e7men var.&#8221;<\/p>\n<p><strong>&#8220;PKK sald\u0131r\u0131lar\u0131nda 40 sivil hayat\u0131n\u0131 kaybetti&#8221;<\/strong><\/p>\n<p>\u0130\u00e7i\u015fleri Bakan\u0131 Soylu, PKK&#8217;n\u0131n sivillere y\u00f6nelik sald\u0131r\u0131lar\u0131 hakk\u0131nda, &#8220;2017 y\u0131l\u0131n\u0131n ba\u015f\u0131ndan itibaren 40 sivil hayat\u0131n\u0131 kaybetti. Bunlar i\u015f\u00e7i, elektrik teknisyeni, \u00f6\u011fretmen&#8230;&#8221; dedi.<\/p>\n<p><strong>&#8220;11 milyon 238 bin yeni kimlik kart\u0131 verildi&#8221;<\/strong><\/p>\n<p>Bakan Soylu, &#8220;\u015eu ana kadar 11 milyon 238 bin yeni kimlik kart\u0131 verildi. Yakla\u015f\u0131k 20 tanesinde hata \u00e7\u0131kt\u0131, o da bireysel hata. Giri\u015ften kaynaklanan hatalar s\u00f6z konusu. 11 milyonda 20, bir hata say\u0131lmayabilir. Ke\u015fke hi\u00e7 olmasa tabii.&#8221; \u015feklinde konu\u015ftu.<\/p>\n<p>Soylu yeni kimlik karlar\u0131yla ilgili \u015funlar\u0131 s\u00f6yledi:<\/p>\n<p>&#8220;Yeni kimlik kartlar\u0131 ilk ba\u015fta 2-2,5 ayda gidiyordu. \u015eimdi art\u0131k 5 art\u0131 2 g\u00fcne indirdik. Be\u015f g\u00fcn \u015fehir i\u00e7leri, merkezde iki g\u00fcnde, k\u0131rsal ve k\u00f6ylerde toplam 6-7 g\u00fcn i\u00e7inde m\u00fcracaat ettikten sonra verilebiliyor. Ehliyetlerde, pasaportlarda da in\u015fallah ayn\u0131 anlay\u0131\u015f gelecek. Ne zaman ba\u015flar? Biz 2018&#8217;in Mart&#8217;\u0131 gibi diyoruz. Bu arada trafik tescilleri de noterlere verece\u011fiz. Yapabilirsek daha \u00f6nce yapaca\u011f\u0131z ama b\u00fct\u00fcn haz\u0131rl\u0131klar\u0131m\u0131z\u0131 2018&#8217;in Mart&#8217;\u0131 i\u00e7in yapm\u0131\u015ft\u0131k ama \u00f6ne \u00e7ekebilirsek bir \u015fekilde \u00e7ekmeye \u00e7al\u0131\u015f\u0131yoruz.&#8221;<\/p>\n<p><strong>Sa\u011fl\u0131k Bakanl\u0131\u011f\u0131&#8217;na atanan personelin g\u00fcvenlik soru\u015fturmas\u0131<\/strong><\/p>\n<p>\u0130\u00e7i\u015fleri Bakan\u0131 Soylu, Sa\u011fl\u0131k Bakanl\u0131\u011f\u0131na atanan personelin g\u00fcvenlik soru\u015fturmalar\u0131na ili\u015fkin, &#8220;Bug\u00fcn arkada\u015flar\u0131m\u0131z g\u00fcvenlik soru\u015fturmalar\u0131n\u0131 Sa\u011fl\u0131k Bakanl\u0131\u011f\u0131na iletiyorlar. \u0130\u015fin istihbarat boyutu var. \u00c7ok zor bir d\u00f6nemden ge\u00e7tik. Biraz anlamalar\u0131n\u0131 rica ediyoruz. Yeniden devletin i\u00e7erisine fesat tohumlar\u0131 ekmelerine m\u00fcsaade etmemeliyiz.&#8221; ifadelerini kulland\u0131.<\/p>\n<p>Soylu s\u00f6zlerini \u015fu \u015fekilde s\u00fcrd\u00fcrd\u00fc:<\/p>\n<p>&#8220;Ben sorumlulu\u011fu alamam, kimse kusura bakmas\u0131n. Gelece\u011fe ait bir sorumluluk \u00fczerime alamam. Arkada\u015flar\u0131m\u0131za bu konuda &#8216;\u00e7ok ciddi ve dikkatli olun&#8217; diyorum. Bu g\u00fcvenlik soru\u015fturmalar\u0131 yap\u0131l\u0131yor. Bu heyecan\u0131 anl\u0131yorum. B\u00f6yle bir ayl\u0131k, bir bu\u00e7uk ayl\u0131k, iki ayl\u0131k bir s\u00fcre\u00e7ler olu\u015fuyor. Bazen o kadar da olmuyor. \u00c7ok gelince, 12 bin 500 gibi, b\u00f6yle bir s\u00fcre\u00e7 oluyor ama biz burada dikkatli olmak zorunday\u0131z. Temmuz&#8217;un 20&#8217;si gibi bize iletildi. Biz de iki ayl\u0131k bir s\u00fcre\u00e7 i\u00e7erisinde 12 bin 500&#8217;\u00fc tamamlad\u0131k. D\u00fcn Sa\u011fl\u0131k Bakan\u0131m\u0131z da beni arad\u0131 &#8216;Ne zaman g\u00f6ndereceksiniz?&#8217; diye. Onlar\u0131n da \u00e7ok do\u011fal olarak \u00e7al\u0131\u015fan personele ihtiyac\u0131 var. Hizmetlerin de aksamamas\u0131 laz\u0131m. Biz de hakl\u0131y\u0131z. En k\u0131sa zaman i\u00e7erisinde bunu halletmeye \u00e7al\u0131\u015faca\u011f\u0131z. Yar\u0131ndan itibaren gerekli prosed\u00fcrler ba\u015flar d\u00fc\u015f\u00fcncesindeyiz.&#8221;<\/p>\n","protected":false},"excerpt":{"rendered":"<p>\u0130\u00e7i\u015fleri Bakan\u0131 S\u00fcleyman Soylu, ter\u00f6rle m\u00fccadelede gelinen son durumu de\u011ferlendirdi. Soylu, &#8216;Ter\u00f6r \u00f6rg\u00fct\u00fc PKK&#8217;ya kat\u0131l\u0131mda 30 y\u0131l\u0131n en d\u00fc\u015f\u00fck seviyesindeyiz&#8217; dedi.<\/p>\n","protected":false},"author":1000097,"featured_media":1524,"comment_status":"open","ping_status":"closed","sticky":false,"template":"","format":"standard","meta":[],"categories":[83],"tags":[],"_links":{"self":[{"href":"https:\/\/www.vizyon2023.com.tr\/index.php\/wp-json\/wp\/v2\/posts\/1523"}],"collection":[{"href":"https:\/\/www.vizyon2023.com.tr\/index.php\/wp-json\/wp\/v2\/posts"}],"about":[{"href":"https:\/\/www.vizyon2023.com.tr\/index.php\/wp-json\/wp\/v2\/types\/post"}],"author":[{"embeddable":true,"href":"https:\/\/www.vizyon2023.com.tr\/index.php\/wp-json\/wp\/v2\/users\/1000097"}],"replies":[{"embeddable":true,"href":"https:\/\/www.vizyon2023.com.tr\/index.php\/wp-json\/wp\/v2\/comments?post=1523"}],"version-history":[{"count":0,"href":"https:\/\/www.vizyon2023.com.tr\/index.php\/wp-json\/wp\/v2\/posts\/1523\/revisions"}],"wp:featuredmedia":[{"embeddable":true,"href":"https:\/\/www.vizyon2023.com.tr\/index.php\/wp-json\/wp\/v2\/media\/1524"}],"wp:attachment":[{"href":"https:\/\/www.vizyon2023.com.tr\/index.php\/wp-json\/wp\/v2\/media?parent=1523"}],"wp:term":[{"taxonomy":"category","embeddable":true,"href":"https:\/\/www.vizyon2023.com.tr\/index.php\/wp-json\/wp\/v2\/categories?post=1523"},{"taxonomy":"post_tag","embeddable":true,"href":"https:\/\/www.vizyon2023.com.tr\/index.php\/wp-json\/wp\/v2\/tags?post=1523"}],"curies":[{"name":"wp","href":"https:\/\/api.w.org\/{rel}","templated":true}]}}