{"id":1517,"date":"2017-09-27T11:25:32","date_gmt":"2017-09-27T08:25:32","guid":{"rendered":"http:\/\/www.vizyon2023.com.tr\/index.php\/2017\/09\/27\/turkiyenin-ilk-yenilenebilir-enerji-lisesi-egitime-basladi\/"},"modified":"2017-09-27T11:25:32","modified_gmt":"2017-09-27T08:25:32","slug":"turkiyenin-ilk-yenilenebilir-enerji-lisesi-egitime-basladi","status":"publish","type":"post","link":"https:\/\/www.vizyon2023.com.tr\/index.php\/2017\/09\/27\/turkiyenin-ilk-yenilenebilir-enerji-lisesi-egitime-basladi\/","title":{"rendered":"T\u00fcrkiye&#8217;nin ilk yenilenebilir enerji lisesi e\u011fitime ba\u015flad\u0131"},"content":{"rendered":"<p>Enerji ve Tabii Kaynaklar Bakan\u0131 Berat Albayrak, Eryaman&#8217;daki Cezeri Ye\u015fil Teknoloji Mesleki ve Teknik Anadolu Lisesinin a\u00e7\u0131l\u0131\u015f t\u00f6reninde yapt\u0131\u011f\u0131 konu\u015fmada, T\u00fcrkiye&#8217;nin ilk yenilebilir enerji lisesinin bu y\u00f6n\u00fcyle bir\u00e7ok kuruma \u00f6rnek olu\u015fturaca\u011f\u0131n\u0131 s\u00f6yledi.<\/p>\n<p>Okulun isminin sibernetik alan\u0131nda \u00e7\u0131\u011f\u0131r a\u00e7an bulu\u015flar\u0131yla bilinen El-Cezeri&#8217;den geldi\u011fini ifade eden Albayrak, El-Cezeri&#8217;nin bu topraklar\u0131n bilimle, ilimle, fenle, tarihin her alan\u0131yla ne kadar i\u00e7 i\u00e7e oldu\u011funun g\u00f6stergelerinden biri oldu\u011funu dile getirdi.<\/p>\n<p>Okulun yakla\u015f\u0131k 39 bin metrekare alan \u00fczerine b\u00fct\u00fcnle\u015fik bina sistemiyle in\u015fa edildi\u011fini anlatan Albayrak, standart bir okulun y\u0131ll\u0131k enerji t\u00fcketiminin yakla\u015f\u0131k 159 kilovatsaat oldu\u011funu bildirdi. Bakan Albayrak, \u015f\u00f6yle devam etti:<\/p>\n<p>&#8220;Bu okulumuz y\u00fcksek enerji verimlili\u011fi sa\u011flayan altyap\u0131s\u0131 sayesinde y\u0131ll\u0131k 23,6 kilovatsaat enerji t\u00fcketecek. Bu, di\u011fer liselere g\u00f6re toplamda en az y\u00fczde 80 enerji verimlili\u011fi demek. Ayr\u0131ca, \u0131s\u0131tma, so\u011futma, ayd\u0131nlatma ve havaland\u0131rma sistemleri i\u00e7in gereken enerji g\u00fcne\u015f panelleri ve r\u00fczgar t\u00fcrbinlerinden \u00fcretilerek sa\u011flanacak. Geli\u015fmi\u015f ar\u0131tma kapasitesine sahip sulama sistemleriyle de at\u0131k su ve ya\u011fmur suyunun geri d\u00f6n\u00fc\u015f\u00fcm\u00fcnden y\u00fczde 70 oran\u0131nda verimlilik sa\u011flanacak. Standart bir lisede 60 y\u0131ll\u0131k toplam enerji, su, i\u015fletme ve bak\u0131m maliyetleri bug\u00fcnk\u00fc de\u011ferleriyle yakla\u015f\u0131k 257 milyon lira. Bu okulumuzda bu rakam 71 milyon T\u00fcrk liras\u0131 olacak. Yani 180 milyondan daha fazla bir tasarruf. 26 derslik, 6 laboratuvar, 10 at\u00f6lye, kapal\u0131 spor salonu ve 147 yatakl\u0131 pansiyona sahip okulumuz yakla\u015f\u0131k 26 milyon liraya mal oldu. Yani ayn\u0131 \u00f6zelliklerdeki standart bir liseye g\u00f6re 1,5 kat daha fazla paraya mal olmas\u0131na ra\u011fmen, ortaya koydu\u011fu bu tasarrufla bu yat\u0131r\u0131m\u0131 9,5 y\u0131lda amorti edecek. Normal bir liseye g\u00f6re daha fazla maliyet gerektiren bu ek yat\u0131r\u0131mlar\u0131 ise yani r\u00fczgar, g\u00fcne\u015f, verimlilik noktas\u0131ndaki yat\u0131r\u0131mlar\u0131n geri d\u00f6n\u00fc\u015f\u00fc 3 y\u0131lda sa\u011flanacak.&#8221;<\/p>\n<p><strong>&#8220;T\u00fcrkiye enerji teknolojileri \u00fcretiminde merkez olacak&#8221;<\/strong><\/p>\n<p>Albayrak, okulun teknolojik altyap\u0131s\u0131yla T\u00fcrkiye&#8217;nin son 15 y\u0131lda ge\u00e7irdi\u011fi de\u011fi\u015fim ve d\u00f6n\u00fc\u015f\u00fcm\u00fc g\u00f6steren en \u00f6nemli \u00f6rneklerden oldu\u011funu vurgulayarak, artan enerji talebinin dengeli bir enerji sepetiyle kar\u015f\u0131lanmas\u0131 i\u00e7in Milli Enerji ve Maden Politikas\u0131 Strateji Belgesi&#8217;ni nisan ay\u0131nda kamuoyuyla payla\u015ft\u0131\u011f\u0131n\u0131 hat\u0131rlatt\u0131.<\/p>\n<p>Y\u0131ll\u0131k ortalama 55 milyar dolarl\u0131k enerji ve maden ithalat\u0131 ger\u00e7ekle\u015ftiren T\u00fcrkiye i\u00e7in bunun \u00f6nemli sorunlardan biri olmaya devam etti\u011finin alt\u0131n\u0131 \u00e7izen Albayrak, &#8220;Bunun i\u00e7in uzun vadeli, s\u00fcrd\u00fcr\u00fclebilir ve \u015feffaf enerji stratejileriyle T\u00fcrkiye&#8217;yi, enerji ve maden alan\u0131nda d\u0131\u015fa ba\u011f\u0131ml\u0131l\u0131ktan kurtaracak \u00e7ok boyutlu bir politikay\u0131 uygulamak i\u00e7in ad\u0131mlar atmaya ba\u015flad\u0131k. Aramac\u0131l\u0131ktan \u00fcretime, alternatif kaynak yat\u0131r\u0131mlar\u0131ndan, t\u00fcketime kadar enerjinin her alan\u0131nda b\u00fct\u00fcnc\u00fcl bir s\u00fcre\u00e7 olu\u015fturulmas\u0131 i\u00e7in gerekenleri nak\u0131\u015f gibi i\u015fliyoruz.&#8221; diye konu\u015ftu.<\/p>\n<p>Bakan Albayrak, yenilenebilir teknolojilere yap\u0131lan yat\u0131r\u0131mlarda teknoloji transferini \u00f6ncelik olarak belirlediklerini belirterek, \u015funlar\u0131 s\u00f6yledi:<\/p>\n<p>&#8220;Enerjide ataca\u011f\u0131m\u0131z bu ad\u0131mlar sadece d\u0131\u015fa ba\u011f\u0131ml\u0131l\u0131\u011fa, cari a\u00e7\u0131\u011fa, ekonomiye etki etmeyecek. Bu ad\u0131mlar ayn\u0131 zamanda T\u00fcrkiye&#8217;yi enerji ticaretinde k\u00fcresel anlamda \u00f6nemli bir noktaya ta\u015f\u0131yacak. Maliyetleri d\u00fc\u015f\u00fcrecek. Sanayicilerimiz, vatanda\u015flar\u0131m\u0131z art\u0131k enerji maliyetlerine daha az kaynak ay\u0131rarak ucuzlamas\u0131 vesilesiyle daha rahat edecek. Bu da ekonominin b\u00fcy\u00fcmesinde, sanayinin b\u00fcy\u00fcmesinde ve rekabet etmesinde \u00fclkemize doping etkisi yapacak. Biz biliyoruz ki, bu politikalar\u0131m\u0131z\u0131n ba\u015far\u0131l\u0131 olmas\u0131yla \u00fclkemiz enerji teknolojileri \u00fcretiminde ayn\u0131 zamanda bir merkez haline gelecek.&#8221;<\/p>\n<p><strong>Mezunlara istihdam s\u00f6z\u00fc<\/strong><\/p>\n<p>El Cezeri&#8217;nin 12&#8217;nci y\u00fczy\u0131lda tasarlad\u0131\u011f\u0131 50&#8217;den fazla makinayla d\u00fcnyada robot alan\u0131n\u0131n \u00f6nc\u00fcs\u00fc olmas\u0131 gibi, bug\u00fcn T\u00fcrk m\u00fchendislerin, bilim insanlar\u0131n\u0131n enerji teknolojilerine yapacaklar\u0131 \u00e7al\u0131\u015fmalar\u0131n da b\u00fcy\u00fck ve g\u00fc\u00e7l\u00fc T\u00fcrkiye amac\u0131na ula\u015fmak i\u00e7in gerekli oldu\u011funa dikkati \u00e7eken Albayrak, &#8220;Buradaki \u00f6\u011frenci karde\u015flerimizin bizler de yan\u0131nda olaca\u011f\u0131z. Bu okulumuzda ba\u015far\u0131l\u0131 olan t\u00fcm karde\u015flerimize lise ve \u00fcniversite sonras\u0131 istihdam, master ve doktora s\u00fcre\u00e7lerinde en b\u00fcy\u00fck deste\u011fi vermek i\u00e7in buradan s\u00f6z veriyorum. Sevgili gen\u00e7ler sizlerin i\u00e7lerindeki dinamizm T\u00fcrkiyenin en b\u00fcy\u00fck g\u00fcc\u00fcd\u00fcr.&#8221; diye konu\u015ftu.<\/p>\n","protected":false},"excerpt":{"rendered":"<p>Bakan Albayrak, Cezeri Ye\u015fil Teknoloji Mesleki ve Teknik Anadolu Lisesinin a\u00e7\u0131l\u0131\u015f\u0131nda,&#8221;Bu okulumuz y\u0131ll\u0131k 23,6 kilovatsaat enerji t\u00fcketecek.Y\u00fczde 80 enerji verimlili\u011fi demek.&#8221;dedi.<\/p>\n","protected":false},"author":1000097,"featured_media":1518,"comment_status":"open","ping_status":"closed","sticky":false,"template":"","format":"standard","meta":[],"categories":[83],"tags":[],"_links":{"self":[{"href":"https:\/\/www.vizyon2023.com.tr\/index.php\/wp-json\/wp\/v2\/posts\/1517"}],"collection":[{"href":"https:\/\/www.vizyon2023.com.tr\/index.php\/wp-json\/wp\/v2\/posts"}],"about":[{"href":"https:\/\/www.vizyon2023.com.tr\/index.php\/wp-json\/wp\/v2\/types\/post"}],"author":[{"embeddable":true,"href":"https:\/\/www.vizyon2023.com.tr\/index.php\/wp-json\/wp\/v2\/users\/1000097"}],"replies":[{"embeddable":true,"href":"https:\/\/www.vizyon2023.com.tr\/index.php\/wp-json\/wp\/v2\/comments?post=1517"}],"version-history":[{"count":0,"href":"https:\/\/www.vizyon2023.com.tr\/index.php\/wp-json\/wp\/v2\/posts\/1517\/revisions"}],"wp:featuredmedia":[{"embeddable":true,"href":"https:\/\/www.vizyon2023.com.tr\/index.php\/wp-json\/wp\/v2\/media\/1518"}],"wp:attachment":[{"href":"https:\/\/www.vizyon2023.com.tr\/index.php\/wp-json\/wp\/v2\/media?parent=1517"}],"wp:term":[{"taxonomy":"category","embeddable":true,"href":"https:\/\/www.vizyon2023.com.tr\/index.php\/wp-json\/wp\/v2\/categories?post=1517"},{"taxonomy":"post_tag","embeddable":true,"href":"https:\/\/www.vizyon2023.com.tr\/index.php\/wp-json\/wp\/v2\/tags?post=1517"}],"curies":[{"name":"wp","href":"https:\/\/api.w.org\/{rel}","templated":true}]}}