{"id":1515,"date":"2017-09-27T11:25:07","date_gmt":"2017-09-27T08:25:07","guid":{"rendered":"http:\/\/www.vizyon2023.com.tr\/index.php\/2017\/09\/27\/barzani-kurtlerin-gelecegini-de-riske-atti\/"},"modified":"2017-09-27T11:25:07","modified_gmt":"2017-09-27T08:25:07","slug":"barzani-kurtlerin-gelecegini-de-riske-atti","status":"publish","type":"post","link":"https:\/\/www.vizyon2023.com.tr\/index.php\/2017\/09\/27\/barzani-kurtlerin-gelecegini-de-riske-atti\/","title":{"rendered":"&#8216;Barzani, K\u00fcrtlerin gelece\u011fini de riske att\u0131&#8217;"},"content":{"rendered":"<p>D\u0131\u015fi\u015fleri Bakan\u0131 \u00c7avu\u015fo\u011flu, IKBY&#8217;nin referandumuna ili\u015fkin, &#8220;Ki\u015fisel h\u0131rsla ve koltu\u011fu koruma sevdas\u0131yla Barzani, K\u00fcrtlerin gelece\u011fini de riske atm\u0131\u015ft\u0131r.&#8221; dedi.<\/p>\n<p>D\u0131\u015fi\u015fleri Bakan\u0131 Mevl\u00fct \u00c7avu\u015fo\u011flu, 24 TV&#8217;de g\u00fcndeme ili\u015fkin sorular\u0131 yan\u0131tlad\u0131.<\/p>\n<p>Irak K\u00fcrt B\u00f6lgesel Y\u00f6netiminin (IKBY) referandumunu de\u011ferlendiren \u00c7avu\u015fo\u011flu, &#8220;Biz sadece &#8216;yapmay\u0131n etmeyin&#8217; deyip kestirip atmad\u0131k. Neden yapmamalar\u0131 gerekti\u011fini ve referandumu iptal ederlerse kendilerine nas\u0131l yard\u0131mc\u0131 olabilece\u011fimizi de s\u00f6yledik. Referandumu yaparlarsa da ne ile kar\u015f\u0131 kar\u015f\u0131ya kalabileceklerini net bir \u015fekilde izah ettik.&#8221; dedi.<\/p>\n<p><strong>&#8220;KDP&#8217;nin temsilcisine &#8216;T\u00fcrkiye&#8217;ye gelme&#8217; dedik&#8221;<\/strong><\/p>\n<p>T\u00fcrkiye&#8217;nin IKBY&#8217;ye y\u00f6nelik hangi ad\u0131mlar\u0131 ataca\u011f\u0131n\u0131 de\u011ferlendiren \u00c7avu\u015fo\u011flu, &#8220;Biz a\u015fama a\u015fama ad\u0131mlar\u0131m\u0131z\u0131 ataca\u011f\u0131z. A\u015fama a\u015fama atarken bir, bundan sonra bizim muhatab\u0131m\u0131z Ba\u011fdat&#8217;t\u0131r. Ba\u011fdat&#8217;tan gelen talepleri dikkate alaca\u011f\u0131z.&#8221; diye konu\u015ftu.<\/p>\n<p>\u00c7avu\u015fo\u011flu, Burada olsayd\u0131 &#8216;\u00dclkeden ayr\u0131l&#8217; diyecektik. Daha \u00f6nce KYB&#8217;nin temsilcisini, \u00f6zellikle PKK&#8217;ya alan a\u00e7t\u0131\u011f\u0131 i\u00e7in biliyorsunuz g\u00f6nderdik. Bundan sonra b\u00f6yleyiz. Bize kar\u015f\u0131 yanl\u0131\u015f yapan herkese kar\u015f\u0131 biz de gerekli tedbirlerimizi al\u0131r\u0131z. KDP temsilcisi burada olsayd\u0131 g\u00f6nderecektik. Ama orada oldu\u011fu i\u00e7in telefonla arkada\u015flar arad\u0131lar, &#8216;T\u00fcrkiye&#8217;ye gelme karde\u015fim&#8217; dediler. O da &#8216;Ben anlad\u0131m mesaj\u0131n\u0131z\u0131&#8217; dedi.&#8221; yan\u0131t\u0131n\u0131 verdi.<\/p>\n<p>Bakan \u00c7avu\u015fo\u011flu, &#8220;T\u00fcrkiye&#8217;nin Erbil Ba\u015fkonsolosunun \u00e7ekilmesi s\u00f6z konusu mu?&#8221; \u015feklindeki soruyu, Erbil Ba\u015fkonsoloslu\u011funun Irak D\u0131\u015fi\u015fleri Bakanl\u0131\u011f\u0131n\u0131n izniyle a\u00e7\u0131ld\u0131\u011f\u0131n\u0131 belirterek &#8220;Biz Erbil Ba\u015fkonsoloslu\u011funu a\u00e7arken Erbil&#8217;den izin almad\u0131k, Ba\u011fdat&#8217;tan izin ald\u0131k. Dolay\u0131s\u0131yla burada bizim muhatab\u0131m\u0131z Ba\u011fdat y\u00f6netimidir, Irak D\u0131\u015fi\u015fleri Bakanl\u0131\u011f\u0131d\u0131r.&#8221; diye cevaplad\u0131.<\/p>\n<p>&#8220;Irak&#8217;\u0131n talebi olursa s\u0131n\u0131r b\u00fct\u00fcnl\u00fc\u011f\u00fcn\u00fc korumas\u0131 i\u00e7in destek veririz&#8221;<br \/>\nT\u00fcrkiye ve Irak&#8217;\u0131n y\u00fcr\u00fctt\u00fc\u011f\u00fc ortak askeri tatbikatlar\u0131 de\u011ferlendiren \u00c7avu\u015fo\u011flu, T\u00fcrkiye&#8217;nin Irak&#8217;\u0131n ulusal birli\u011fi ve s\u0131n\u0131r b\u00fct\u00fcnl\u00fc\u011f\u00fcn\u00fc destekledi\u011fini vurgulad\u0131.<\/p>\n<p>\u00c7avu\u015fo\u011flu, &#8220;Irak&#8217;\u0131n s\u0131n\u0131r b\u00fct\u00fcnl\u00fc\u011f\u00fcn\u00fc destekliyoruz demek, sadece kuru kuruya s\u00f6z de\u011fildir. Irak&#8217;\u0131n bu konuda bizden bir talebi olursa Irak&#8217;a s\u0131n\u0131r b\u00fct\u00fcnl\u00fc\u011f\u00fcn\u00fc korumas\u0131 i\u00e7in destek verece\u011fiz demektir.&#8221; diye konu\u015ftu.<\/p>\n<p><strong>&#8220;Uygulamalar\u0131m\u0131z farkl\u0131 olacak&#8221;<\/strong><\/p>\n<p>Sincar&#8217;da PKK unsurlar\u0131n\u0131n zaman zaman Kerk\u00fck&#8217;e indi\u011finin ve b\u00f6yle bir durumun T\u00fcrkiye&#8217;ye operasyon hakk\u0131 verip vermeyece\u011finin sorulmas\u0131 \u00fczerine \u00c7avu\u015fo\u011flu, &#8220;Elbette verir. T\u00fcrkmen karde\u015flerimize y\u00f6nelik bir tehdit olu\u015fursa gere\u011fini yapar\u0131z, bu konuda da hi\u00e7bir zaman teredd\u00fcd\u00fcm\u00fcz olmaz.&#8221; dedi.<\/p>\n<p>Bakan \u00c7avu\u015fo\u011flu, T\u00fcrkiye&#8217;nin Irak&#8217;ta ya da ba\u015fka arazilerde bulundurdu\u011fu askerlerin hepsinin her an her t\u00fcrl\u00fc m\u00fccadeleye haz\u0131r oldu\u011funun alt\u0131n\u0131 \u00e7izdi.<\/p>\n<p>&#8220;Habur S\u0131n\u0131r Kap\u0131s\u0131&#8217;n\u0131n kapat\u0131lmas\u0131 bize bir zarar getirir mi&#8221; sorusuna kar\u015f\u0131l\u0131k, \u00c7avu\u015fo\u011flu, Habur&#8217;un Irak ile T\u00fcrkiye aras\u0131nda bir s\u0131n\u0131r kap\u0131s\u0131 oldu\u011funu, dolay\u0131s\u0131yla T\u00fcrkiye&#8217;nin bu konudaki muhatab\u0131n\u0131n Ba\u011fdat y\u00f6netimi oldu\u011funu, kapatma yerine gerekli tedbirleri alacaklar\u0131n\u0131 vurgulad\u0131. Bakan \u00c7avu\u015fo\u011flu, \u015funlar\u0131 kaydetti:<\/p>\n<p>&#8220;Burada tart\u0131\u015fmal\u0131 b\u00f6lgeler var. Irak&#8217;\u0131n, K\u00fcrt B\u00f6lgesel Y\u00f6netiminin s\u0131n\u0131rlar\u0131 i\u00e7inde de\u011fil de d\u0131\u015far\u0131da kalan alanlar var ve burada da h\u00fck\u00fcmranl\u0131k hakk\u0131 Ba\u011fdat&#8217;\u0131nd\u0131r. Dolay\u0131s\u0131yla daha \u00f6nce oldu\u011fu gibi art\u0131k K\u00fcrt B\u00f6lgesel Y\u00f6netimi burada Ba\u011fdat&#8217;\u0131n petrol\u00fcn\u00fc al\u0131p ba\u015fka yere satamaz. Yine anayasayla K\u00fcrt B\u00f6lgesel Y\u00f6netimine verilen haklar var ve dolay\u0131s\u0131yla bunlar da bu petrol\u00fc bir yere satacak. Nereden satacaklar, bizim \u00fczerimizden gitmek durumundalar. O zaman hassasiyetlerimizi dikkate almayanlara kar\u015f\u0131 bizim de uygulamalar\u0131m\u0131z farkl\u0131 olacak.&#8221;<\/p>\n<p><strong>&#8220;\u0130srail&#8217;in deste\u011fi tek ba\u015f\u0131na yetmez&#8221;<\/strong><\/p>\n<p>\u0130srail&#8217;in IKBY&#8217;ye deste\u011finin tek ba\u015f\u0131na yetmeyece\u011finin alt\u0131n\u0131 \u00e7izen \u00c7avu\u015fo\u011flu, &#8220;Hi\u00e7 kimsenin deste\u011fi yetmez. Kimse yar\u0131n sahip \u00e7\u0131kmaz. Saddam kimyasal silah kulland\u0131\u011f\u0131 zaman kim sahip \u00e7\u0131kt\u0131? Kimse sahip \u00e7\u0131kmad\u0131? Yine pe\u015fmergeler geldi biz misafir ettik.&#8221; diye konu\u015ftu.<\/p>\n<p>\u00c7avu\u015fo\u011flu, T\u00fcrkiye&#8217;nin bu konuda insanl\u0131\u011f\u0131n\u0131 yapt\u0131\u011f\u0131n\u0131 dile getirerek, \u0131rk\u00e7\u0131 s\u00f6ylemlere ve K\u00fcrt d\u00fc\u015fmanl\u0131\u011f\u0131 yap\u0131lmas\u0131na kar\u015f\u0131 oldu\u011funu kaydetti.<\/p>\n<p>&#8220;Barzani y\u00f6netimi ciddi ekonomik kriz i\u00e7erisine girdi\u011fi zaman ona yard\u0131m ettiysek, oradaki K\u00fcrt karde\u015flerimiz bu ekonomik s\u0131k\u0131nt\u0131dan etkilenmesinler ve yokluk i\u00e7inde \u0131zd\u0131rap \u00e7ekmesinler diye yard\u0131m ettik.&#8221; ifadesini kullanan \u00c7avu\u015fo\u011flu, IKBY&#8217;deki referandumdan sonra ili\u015fkilerin eskisi gibi olmayaca\u011f\u0131na i\u015faret etti.<\/p>\n<p>D\u0131\u015fi\u015fleri Bakan\u0131 \u00c7avu\u015fo\u011flu, T\u00fcrkiye i\u00e7in Irak&#8217;\u0131n toprak b\u00fct\u00fcnl\u00fc\u011f\u00fcn\u00fcn desteklenmesinin uluslararas\u0131 bir y\u00fck\u00fcml\u00fcl\u00fck oldu\u011funu vurgulayarak, Irak s\u0131n\u0131r\u0131n\u0131n bozulmas\u0131n\u0131n T\u00fcrkiye i\u00e7in g\u00fcvenlik tehdidi anlam\u0131na geldi\u011fini bildirdi.<\/p>\n<p>T\u00fcrkiye&#8217;nin bu t\u00fcr bir konu kar\u015f\u0131s\u0131nda duyars\u0131z kalamayaca\u011f\u0131n\u0131 belirterek, &#8220;Ben buna duyars\u0131z kalamam. Yani bug\u00fcn buna duyars\u0131z kal, yar\u0131n ona duyars\u0131z kal. Ondan sonra gelece\u011fimizi riske atal\u0131m. Olmaz.&#8221; dedi.<\/p>\n<p><strong>&#8220;Rusya ile Suriye konusunda \u00f6nemli a\u015famalar kaydettik&#8221;<\/strong><\/p>\n<p>\u00c7avu\u015fo\u011flu, Rusya Devlet Ba\u015fkan\u0131 Vladimir Putin&#8217;in T\u00fcrkiye&#8217;ye yapaca\u011f\u0131 ziyarette ele al\u0131nacak konular aras\u0131nda Suriye&#8217;nin temel bir ba\u015fl\u0131k oldu\u011funa dikkati \u00e7ekerek, &#8220;Ge\u00e7en sene Halep&#8217;ten bu yana Astana s\u00fcreciyle beraber Rusya ile Suriye konusunda \u00f6nemli a\u015famalar kaydettik.&#8221; de\u011ferlendirmesinde bulundu.<\/p>\n<p>\u0130dlib b\u00f6lgesinde yer yer sald\u0131r\u0131lar\u0131n oldu\u011funu ve sivillerin bu sald\u0131r\u0131larda hayatlar\u0131n\u0131 kaybetti\u011fini dile getiren \u00c7avu\u015fo\u011flu, Rusya&#8217;n\u0131n \u0130ran&#8217;la garant\u00f6r \u00fclke konumunda oldu\u011funu ve bu sald\u0131r\u0131lar\u0131n \u00f6nlenmesi gerekti\u011fini vurgulad\u0131.<\/p>\n<p>&#8220;Sivillerin ya\u015fad\u0131\u011f\u0131 yeri ya da \u0131l\u0131ml\u0131 muhalefetin oldu\u011fu yerleri vurmak d\u00fcr\u00fcst\u00e7e bir yakla\u015f\u0131m olmaz. Bunun da garant\u00f6r\u00fc Rusya&#8217;d\u0131r.&#8221; diye konu\u015fan \u00c7avu\u015fo\u011flu, T\u00fcrkiye ve Rusya&#8217;n\u0131n Suriye&#8217;de ate\u015fkesin sa\u011flanmas\u0131 konusunda \u00f6nemli mesafe kaydetti\u011fini s\u00f6yledi.<\/p>\n<p><strong>&#8220;Barzani, K\u00fcrtlerin gelece\u011fini de riske att\u0131&#8221;<\/strong><\/p>\n<p>\u00c7avu\u015fo\u011flu, ziyaret kapsam\u0131nda IKBY&#8217;de yap\u0131lan referandumun da ele al\u0131nacak konular aras\u0131nda bulundu\u011funu belirterek, Rusya&#8217;n\u0131n da referanduma s\u0131cak bakmad\u0131\u011f\u0131n\u0131 ve K\u00fcrtlerin Irak&#8217;\u0131n s\u0131n\u0131r b\u00fct\u00fcnl\u00fc\u011f\u00fc i\u00e7erisinde haklar\u0131n\u0131n verilmesinden yana oldu\u011funu kaydetti.<\/p>\n<p>&#8220;Ki\u015fisel h\u0131rsla ve koltu\u011fu koruma sevdas\u0131yla Barzani, K\u00fcrtlerin gelece\u011fini de riske atm\u0131\u015ft\u0131r.&#8221; diyen \u00c7avu\u015fo\u011flu, ABD&#8217;nin de referanduma kar\u015f\u0131 durdu\u011funu ve bu konudaki tutumunun olduk\u00e7a net oldu\u011funu dile getirdi.<\/p>\n","protected":false},"excerpt":{"rendered":"<p>D\u0131\u015fi\u015fleri Bakan\u0131 \u00c7avu\u015fo\u011flu, IKBY&#8217;nin referandumuna ili\u015fkin, &#8220;Ki\u015fisel h\u0131rsla ve koltu\u011fu koruma sevdas\u0131yla Barzani, K\u00fcrtlerin gelece\u011fini de riske atm\u0131\u015ft\u0131r.&#8221; dedi.<\/p>\n","protected":false},"author":1000097,"featured_media":1516,"comment_status":"open","ping_status":"closed","sticky":false,"template":"","format":"standard","meta":[],"categories":[83],"tags":[],"_links":{"self":[{"href":"https:\/\/www.vizyon2023.com.tr\/index.php\/wp-json\/wp\/v2\/posts\/1515"}],"collection":[{"href":"https:\/\/www.vizyon2023.com.tr\/index.php\/wp-json\/wp\/v2\/posts"}],"about":[{"href":"https:\/\/www.vizyon2023.com.tr\/index.php\/wp-json\/wp\/v2\/types\/post"}],"author":[{"embeddable":true,"href":"https:\/\/www.vizyon2023.com.tr\/index.php\/wp-json\/wp\/v2\/users\/1000097"}],"replies":[{"embeddable":true,"href":"https:\/\/www.vizyon2023.com.tr\/index.php\/wp-json\/wp\/v2\/comments?post=1515"}],"version-history":[{"count":0,"href":"https:\/\/www.vizyon2023.com.tr\/index.php\/wp-json\/wp\/v2\/posts\/1515\/revisions"}],"wp:featuredmedia":[{"embeddable":true,"href":"https:\/\/www.vizyon2023.com.tr\/index.php\/wp-json\/wp\/v2\/media\/1516"}],"wp:attachment":[{"href":"https:\/\/www.vizyon2023.com.tr\/index.php\/wp-json\/wp\/v2\/media?parent=1515"}],"wp:term":[{"taxonomy":"category","embeddable":true,"href":"https:\/\/www.vizyon2023.com.tr\/index.php\/wp-json\/wp\/v2\/categories?post=1515"},{"taxonomy":"post_tag","embeddable":true,"href":"https:\/\/www.vizyon2023.com.tr\/index.php\/wp-json\/wp\/v2\/tags?post=1515"}],"curies":[{"name":"wp","href":"https:\/\/api.w.org\/{rel}","templated":true}]}}