{"id":1482,"date":"2017-09-08T14:45:50","date_gmt":"2017-09-08T11:45:50","guid":{"rendered":"http:\/\/www.vizyon2023.com.tr\/index.php\/2017\/09\/08\/turkiyeden-arakanli-muslumanlara-yardim-eli\/"},"modified":"2017-09-08T14:45:50","modified_gmt":"2017-09-08T11:45:50","slug":"turkiyeden-arakanli-muslumanlara-yardim-eli","status":"publish","type":"post","link":"https:\/\/www.vizyon2023.com.tr\/index.php\/2017\/09\/08\/turkiyeden-arakanli-muslumanlara-yardim-eli\/","title":{"rendered":"T\u00fcrkiye&#8217;den Arakanl\u0131 M\u00fcsl\u00fcmanlara yard\u0131m eli"},"content":{"rendered":"<p>Cumhurba\u015fkan\u0131 Erdo\u011fan&#8217;\u0131n e\u015fi Emine Erdo\u011fan Myanmar&#8217;daki katliamdan ka\u00e7\u0131p kamplara s\u0131\u011f\u0131nan Arakan M\u00fcsl\u00fcmanlar\u0131na destek i\u00e7in Banglade\u015f&#8217;te. Burada kamplar\u0131 inceleyen Emine Erdo\u011fan, yard\u0131m da\u011f\u0131tt\u0131.<\/p>\n<p>Emine Erdo\u011fan&#8217;a, D\u0131\u015fi\u015fleri Bakan\u0131 Mevl\u00fct \u00c7avu\u015fo\u011flu ile Aile ve Sosyal Politikalar Bakan\u0131 Fatma Bet\u00fcl Sayan Kaya ile T\u00dcGVA Y\u00fcksek \u0130sti\u015fare Kurulu \u00dcyesi Bilal Erdo\u011fan e\u015flik ediyor.<\/p>\n<p><strong>FOTO GALER\u0130N\u0130N DEVAMI \u0130\u00c7\u0130N TIKLAYINIZ<\/strong><\/p>\n","protected":false},"excerpt":{"rendered":"<p>Cumhurba\u015fkan\u0131 Erdo\u011fan&#8217;\u0131n e\u015fi Emine Erdo\u011fan Myanmar&#8217;daki katliamdan ka\u00e7\u0131p kamplara s\u0131\u011f\u0131nan Arakan M\u00fcsl\u00fcmanlar\u0131na destek i\u00e7in Banglade\u015f&#8217;te.<\/p>\n","protected":false},"author":1000097,"featured_media":1483,"comment_status":"open","ping_status":"closed","sticky":false,"template":"","format":"standard","meta":[],"categories":[85],"tags":[],"_links":{"self":[{"href":"https:\/\/www.vizyon2023.com.tr\/index.php\/wp-json\/wp\/v2\/posts\/1482"}],"collection":[{"href":"https:\/\/www.vizyon2023.com.tr\/index.php\/wp-json\/wp\/v2\/posts"}],"about":[{"href":"https:\/\/www.vizyon2023.com.tr\/index.php\/wp-json\/wp\/v2\/types\/post"}],"author":[{"embeddable":true,"href":"https:\/\/www.vizyon2023.com.tr\/index.php\/wp-json\/wp\/v2\/users\/1000097"}],"replies":[{"embeddable":true,"href":"https:\/\/www.vizyon2023.com.tr\/index.php\/wp-json\/wp\/v2\/comments?post=1482"}],"version-history":[{"count":0,"href":"https:\/\/www.vizyon2023.com.tr\/index.php\/wp-json\/wp\/v2\/posts\/1482\/revisions"}],"wp:featuredmedia":[{"embeddable":true,"href":"https:\/\/www.vizyon2023.com.tr\/index.php\/wp-json\/wp\/v2\/media\/1483"}],"wp:attachment":[{"href":"https:\/\/www.vizyon2023.com.tr\/index.php\/wp-json\/wp\/v2\/media?parent=1482"}],"wp:term":[{"taxonomy":"category","embeddable":true,"href":"https:\/\/www.vizyon2023.com.tr\/index.php\/wp-json\/wp\/v2\/categories?post=1482"},{"taxonomy":"post_tag","embeddable":true,"href":"https:\/\/www.vizyon2023.com.tr\/index.php\/wp-json\/wp\/v2\/tags?post=1482"}],"curies":[{"name":"wp","href":"https:\/\/api.w.org\/{rel}","templated":true}]}}