{"id":1465,"date":"2017-08-16T11:36:52","date_gmt":"2017-08-16T08:36:52","guid":{"rendered":"http:\/\/www.vizyon2023.com.tr\/index.php\/2017\/08\/16\/cumhurbaskani-erdogandan-pakistan-kutlamasi\/"},"modified":"2017-08-16T11:36:52","modified_gmt":"2017-08-16T08:36:52","slug":"cumhurbaskani-erdogandan-pakistan-kutlamasi","status":"publish","type":"post","link":"https:\/\/www.vizyon2023.com.tr\/index.php\/2017\/08\/16\/cumhurbaskani-erdogandan-pakistan-kutlamasi\/","title":{"rendered":"Cumhurba\u015fkan\u0131 Erdo\u011fan&#8217;dan Pakistan kutlamas\u0131"},"content":{"rendered":"<p>Cumhurba\u015fkan\u0131 Recep Tayyip Erdo\u011fan, Pakistan&#8217;\u0131n ba\u011f\u0131ms\u0131zl\u0131\u011f\u0131n\u0131n 70. y\u0131l d\u00f6n\u00fcm\u00fcn\u00fc kutlad\u0131.<\/p>\n<p>Cumhurba\u015fkan\u0131 Erdo\u011fan, sosyal payla\u015f\u0131m sitesi Twitter hesab\u0131ndan #PakistanZindabad etiketiyle yapt\u0131\u011f\u0131 payla\u015f\u0131mda, &#8220;Dost ve karde\u015f \u00fclke Pakistan&#8217;\u0131n ve t\u00fcm Pakistan halk\u0131n\u0131n 14 A\u011fustos Ba\u011f\u0131ms\u0131zl\u0131k G\u00fcn\u00fc&#8217;n\u00fc en i\u00e7ten dileklerimle kutluyorum. Bundan \u00f6nce oldu\u011fu gibi bundan sonra da karde\u015fli\u011fimiz g\u00fc\u00e7lenerek s\u00fcrecek, T\u00fcrkiye her alanda Pakistan&#8217;\u0131n yan\u0131nda olmaya devam edecektir.&#8221; ifadesine yer verdi.<\/p>\n","protected":false},"excerpt":{"rendered":"<p>Cumhurba\u015fkan\u0131 Recep Tayyip Erdo\u011fan, Pakistan&#8217;\u0131n ba\u011f\u0131ms\u0131zl\u0131\u011f\u0131n\u0131n 70. y\u0131l d\u00f6n\u00fcm\u00fcn\u00fc kutlad\u0131.<\/p>\n","protected":false},"author":1000097,"featured_media":1466,"comment_status":"open","ping_status":"closed","sticky":false,"template":"","format":"standard","meta":[],"categories":[85],"tags":[],"_links":{"self":[{"href":"https:\/\/www.vizyon2023.com.tr\/index.php\/wp-json\/wp\/v2\/posts\/1465"}],"collection":[{"href":"https:\/\/www.vizyon2023.com.tr\/index.php\/wp-json\/wp\/v2\/posts"}],"about":[{"href":"https:\/\/www.vizyon2023.com.tr\/index.php\/wp-json\/wp\/v2\/types\/post"}],"author":[{"embeddable":true,"href":"https:\/\/www.vizyon2023.com.tr\/index.php\/wp-json\/wp\/v2\/users\/1000097"}],"replies":[{"embeddable":true,"href":"https:\/\/www.vizyon2023.com.tr\/index.php\/wp-json\/wp\/v2\/comments?post=1465"}],"version-history":[{"count":0,"href":"https:\/\/www.vizyon2023.com.tr\/index.php\/wp-json\/wp\/v2\/posts\/1465\/revisions"}],"wp:featuredmedia":[{"embeddable":true,"href":"https:\/\/www.vizyon2023.com.tr\/index.php\/wp-json\/wp\/v2\/media\/1466"}],"wp:attachment":[{"href":"https:\/\/www.vizyon2023.com.tr\/index.php\/wp-json\/wp\/v2\/media?parent=1465"}],"wp:term":[{"taxonomy":"category","embeddable":true,"href":"https:\/\/www.vizyon2023.com.tr\/index.php\/wp-json\/wp\/v2\/categories?post=1465"},{"taxonomy":"post_tag","embeddable":true,"href":"https:\/\/www.vizyon2023.com.tr\/index.php\/wp-json\/wp\/v2\/tags?post=1465"}],"curies":[{"name":"wp","href":"https:\/\/api.w.org\/{rel}","templated":true}]}}