{"id":1459,"date":"2017-08-16T11:36:06","date_gmt":"2017-08-16T08:36:06","guid":{"rendered":"http:\/\/www.vizyon2023.com.tr\/index.php\/2017\/08\/16\/cumhurbaskani-erdogan-macron-ile-gorustu\/"},"modified":"2017-08-16T11:36:06","modified_gmt":"2017-08-16T08:36:06","slug":"cumhurbaskani-erdogan-macron-ile-gorustu","status":"publish","type":"post","link":"https:\/\/www.vizyon2023.com.tr\/index.php\/2017\/08\/16\/cumhurbaskani-erdogan-macron-ile-gorustu\/","title":{"rendered":"Cumhurba\u015fkan\u0131 Erdo\u011fan, Macron ile g\u00f6r\u00fc\u015ft\u00fc"},"content":{"rendered":"<p>Cumhurba\u015fkan\u0131 Recep Tayyip Erdo\u011fan ile Fransa Cumhurba\u015fkan\u0131 Emmanuel Macron telefonda g\u00f6r\u00fc\u015ft\u00fc.<\/p>\n<p>Cumhurba\u015fkanl\u0131\u011f\u0131 kaynaklar\u0131ndan edinilen bilgiye g\u00f6re, b\u00f6lgesel konular\u0131n ele al\u0131nd\u0131\u011f\u0131 g\u00f6r\u00fc\u015fmede ikili ili\u015fkilere de de\u011finildi.<\/p>\n<p>Ter\u00f6rle ortak m\u00fccadelenin \u00f6nemine dikkati \u00e7eken iki lider, Suriye ve Irak&#8217;taki son geli\u015fmeler hakk\u0131nda fikir teatisinde bulundu. AA<\/p>\n","protected":false},"excerpt":{"rendered":"<p>Cumhurba\u015fkan\u0131 Erdo\u011fan ile Fransa Cumhurba\u015fkan\u0131 Macron, Irak ve Suriye&#8217;deki geli\u015fmeleri g\u00f6r\u00fc\u015ft\u00fc.<\/p>\n","protected":false},"author":1000097,"featured_media":1460,"comment_status":"open","ping_status":"closed","sticky":false,"template":"","format":"standard","meta":[],"categories":[85],"tags":[],"_links":{"self":[{"href":"https:\/\/www.vizyon2023.com.tr\/index.php\/wp-json\/wp\/v2\/posts\/1459"}],"collection":[{"href":"https:\/\/www.vizyon2023.com.tr\/index.php\/wp-json\/wp\/v2\/posts"}],"about":[{"href":"https:\/\/www.vizyon2023.com.tr\/index.php\/wp-json\/wp\/v2\/types\/post"}],"author":[{"embeddable":true,"href":"https:\/\/www.vizyon2023.com.tr\/index.php\/wp-json\/wp\/v2\/users\/1000097"}],"replies":[{"embeddable":true,"href":"https:\/\/www.vizyon2023.com.tr\/index.php\/wp-json\/wp\/v2\/comments?post=1459"}],"version-history":[{"count":0,"href":"https:\/\/www.vizyon2023.com.tr\/index.php\/wp-json\/wp\/v2\/posts\/1459\/revisions"}],"wp:featuredmedia":[{"embeddable":true,"href":"https:\/\/www.vizyon2023.com.tr\/index.php\/wp-json\/wp\/v2\/media\/1460"}],"wp:attachment":[{"href":"https:\/\/www.vizyon2023.com.tr\/index.php\/wp-json\/wp\/v2\/media?parent=1459"}],"wp:term":[{"taxonomy":"category","embeddable":true,"href":"https:\/\/www.vizyon2023.com.tr\/index.php\/wp-json\/wp\/v2\/categories?post=1459"},{"taxonomy":"post_tag","embeddable":true,"href":"https:\/\/www.vizyon2023.com.tr\/index.php\/wp-json\/wp\/v2\/tags?post=1459"}],"curies":[{"name":"wp","href":"https:\/\/api.w.org\/{rel}","templated":true}]}}