{"id":1434,"date":"2017-08-10T11:54:18","date_gmt":"2017-08-10T08:54:18","guid":{"rendered":"http:\/\/www.vizyon2023.com.tr\/index.php\/2017\/08\/10\/15-temmuz-derneginden-akaydina-suc-duyurusu\/"},"modified":"2017-08-10T11:54:18","modified_gmt":"2017-08-10T08:54:18","slug":"15-temmuz-derneginden-akaydina-suc-duyurusu","status":"publish","type":"post","link":"https:\/\/www.vizyon2023.com.tr\/index.php\/2017\/08\/10\/15-temmuz-derneginden-akaydina-suc-duyurusu\/","title":{"rendered":"15 Temmuz Derne\u011finden Akayd\u0131n&#8217;a su\u00e7 duyurusu"},"content":{"rendered":"<p>Antalya Adliyesi \u00f6n\u00fcnde bir araya gelen dernek \u00fcyeleri ve 15 Temmuz gazileri, ellerinde &#8220;FET\u00d6&#8217;ye de\u011fil \u015fehidine sahip \u00e7\u0131k, hainlere de\u011fil kahramanlara el uzat, ter\u00f6re de\u011fil millete hizmet&#8221; yaz\u0131l\u0131 d\u00f6vizler ta\u015f\u0131d\u0131.<\/p>\n<p>15 Temmuz Vatan \u015eehitleri Derne\u011fi Ba\u015fkan\u0131 Meltem K\u0131l\u0131n\u00e7, gazetecilere yapt\u0131\u011f\u0131 a\u00e7\u0131klamada, Akayd\u0131n hakk\u0131nda, &#8220;O \u00f6len 250 vatanda\u015f\u0131m\u0131z\u0131n katili devlettir. Bunu a\u00e7\u0131k a\u00e7\u0131k bir vekil olarak s\u00f6yl\u00fcyorum.&#8221; ifadeleri dolay\u0131s\u0131yla su\u00e7 duyurusunda bulunacaklar\u0131n\u0131 s\u00f6yledi.<\/p>\n<p>\u00dclkeyi par\u00e7alama gayesinde olan d\u0131\u015f g\u00fc\u00e7lerin FET\u00d6\/PDY ter\u00f6r \u00f6rg\u00fct\u00fcn\u00fc kullan\u0131p 15 Temmuz tarihinde hain bir kalk\u0131\u015fma yapt\u0131\u011f\u0131n\u0131 hat\u0131rlatan K\u0131l\u0131n\u00e7, bu ihanet kalk\u0131\u015fmas\u0131n\u0131n milletin evlatlar\u0131nca bertaraf edildi\u011fini ve bayra\u011f\u0131n g\u00f6klerden indirilmesinin engellendi\u011fini kaydetti.<\/p>\n<p>K\u0131l\u0131n\u00e7, Antalya CHP Milletvekili Mustafa Akayd\u0131n&#8217;\u0131n 3 Temmuz&#8217;da yapt\u0131\u011f\u0131 bas\u0131n a\u00e7\u0131klamas\u0131ndaki, &#8220;250 \u015fehidin katilinin devlet oldu\u011fu, 15 Temmuz hain darbe giri\u015fiminin tiyatrodan ibaret oldu\u011fu&#8221; \u015feklindeki s\u00f6zlerinin, \u015fehitleri ve ailelerini k\u00fc\u00e7\u00fck d\u00fc\u015f\u00fcrmeye y\u00f6nelik hareket niteli\u011fi ta\u015f\u0131d\u0131\u011f\u0131n\u0131 dile getirdi.<\/p>\n<p>Akayd\u0131n&#8217;\u0131n, devleti ve organlar\u0131n\u0131 a\u015fa\u011f\u0131lay\u0131c\u0131 mahiyette a\u00e7\u0131klamalarda bulundu\u011funu ve ter\u00f6r \u00f6rg\u00fct\u00fcn\u00fc, eylemlerini \u00f6ver nitelikte s\u00f6zler sarf etti\u011fini belirten K\u0131l\u0131n\u00e7, &#8220;Ad\u0131 ge\u00e7en vekilin bu t\u00fcr iddia ve su\u00e7lamalarda bulunmas\u0131 asl\u0131nda FET\u00d6\/PDY&#8217;ye destek mahiyetinde olup, hainlerin umutlar\u0131n\u0131 bitirmemek ve arkalar\u0131nda olduklar\u0131n\u0131 hissettirmek ama\u00e7l\u0131 oldu\u011fu anla\u015f\u0131ld\u0131\u011f\u0131ndan, bu t\u00fcr s\u00f6ylemlerde bulunacaklara emsal olmas\u0131 bak\u0131m\u0131ndan ad\u0131 ge\u00e7en \u015f\u00fcphelinin halk\u0131 kin ve d\u00fc\u015fmanl\u0131\u011fa tahrik ve a\u015fa\u011f\u0131lama su\u00e7uyla ilgili su\u00e7 duyurusunda bulunaca\u011f\u0131z.&#8221; dedi.<\/p>\n<p>A\u00e7\u0131klamalardan sonra dernek \u00fcyeleri Akayd\u0131n hakk\u0131nda su\u00e7 duyurusunda bulundu.<\/p>\n","protected":false},"excerpt":{"rendered":"<p>15 Temmuz Vatan \u015eehitleri Derne\u011fi, CHP Antalya Milletvekili Akayd\u0131n hakk\u0131nda su\u00e7 duyurusunda bulundu.<\/p>\n","protected":false},"author":1000097,"featured_media":1435,"comment_status":"open","ping_status":"closed","sticky":false,"template":"","format":"standard","meta":[],"categories":[58],"tags":[],"_links":{"self":[{"href":"https:\/\/www.vizyon2023.com.tr\/index.php\/wp-json\/wp\/v2\/posts\/1434"}],"collection":[{"href":"https:\/\/www.vizyon2023.com.tr\/index.php\/wp-json\/wp\/v2\/posts"}],"about":[{"href":"https:\/\/www.vizyon2023.com.tr\/index.php\/wp-json\/wp\/v2\/types\/post"}],"author":[{"embeddable":true,"href":"https:\/\/www.vizyon2023.com.tr\/index.php\/wp-json\/wp\/v2\/users\/1000097"}],"replies":[{"embeddable":true,"href":"https:\/\/www.vizyon2023.com.tr\/index.php\/wp-json\/wp\/v2\/comments?post=1434"}],"version-history":[{"count":0,"href":"https:\/\/www.vizyon2023.com.tr\/index.php\/wp-json\/wp\/v2\/posts\/1434\/revisions"}],"wp:featuredmedia":[{"embeddable":true,"href":"https:\/\/www.vizyon2023.com.tr\/index.php\/wp-json\/wp\/v2\/media\/1435"}],"wp:attachment":[{"href":"https:\/\/www.vizyon2023.com.tr\/index.php\/wp-json\/wp\/v2\/media?parent=1434"}],"wp:term":[{"taxonomy":"category","embeddable":true,"href":"https:\/\/www.vizyon2023.com.tr\/index.php\/wp-json\/wp\/v2\/categories?post=1434"},{"taxonomy":"post_tag","embeddable":true,"href":"https:\/\/www.vizyon2023.com.tr\/index.php\/wp-json\/wp\/v2\/tags?post=1434"}],"curies":[{"name":"wp","href":"https:\/\/api.w.org\/{rel}","templated":true}]}}