{"id":1417,"date":"2017-08-05T17:50:39","date_gmt":"2017-08-05T14:50:39","guid":{"rendered":"http:\/\/www.vizyon2023.com.tr\/index.php\/2017\/08\/05\/cumhurbaskani-erdogan-yildiz-hamidiye-camiini-ibadete-acti\/"},"modified":"2017-08-05T17:50:39","modified_gmt":"2017-08-05T14:50:39","slug":"cumhurbaskani-erdogan-yildiz-hamidiye-camiini-ibadete-acti","status":"publish","type":"post","link":"https:\/\/www.vizyon2023.com.tr\/index.php\/2017\/08\/05\/cumhurbaskani-erdogan-yildiz-hamidiye-camiini-ibadete-acti\/","title":{"rendered":"Cumhurba\u015fkan\u0131 Erdo\u011fan, Y\u0131ld\u0131z Hamidiye Camii&#8217;ni ibadete a\u00e7t\u0131"},"content":{"rendered":"<p>Cumhurba\u015fkan\u0131 Recep Tayyip Erdo\u011fan, \u0130stanbul\u2019da Y\u0131ld\u0131z Hamidiye Camii&#8217;nin ibadete a\u00e7\u0131l\u0131\u015f t\u00f6reninde konu\u015ftu.<\/p>\n<p>Cumhurba\u015fkan\u0131 Erdo\u011fan, caminin ibadete a\u00e7\u0131l\u0131\u015f\u0131n\u0131n ard\u0131ndan yapt\u0131\u011f\u0131 konu\u015fmada &#8220;Ecdad\u0131m\u0131z, Ha\u00e7l\u0131 Seferleri&#8217;nden beri devam eden m\u00fccadelenin kahraman neferleri olma \u015ferefine nail olmu\u015flard\u0131r. Bug\u00fcn de \u00fclkemize ve milletimize sald\u0131ranlar, \u00f6ncelikle dikkat edin, mabetlerimizi hedef al\u0131yorlar. Hat\u0131rlarsan\u0131z 15 Temmuz&#8217;da Ankara&#8217;da G\u00f6lba\u015f\u0131&#8217;ndaki \u00d6zel Harekat Ba\u015fkanl\u0131\u011f\u0131&#8217;ndaki m\u00fctevaz\u0131 camimiz ve Be\u015ftepe&#8217;deki Cumhurba\u015fkanl\u0131\u011f\u0131 K\u00fclliyesi&#8217;ndeki Millet Camimiz sava\u015f u\u00e7aklar\u0131yla bombaland\u0131. \u0130stanbul&#8217;da sela okunan pek \u00e7ok cami darbeciler taraf\u0131ndan kur\u015funland\u0131. \u0130zmir&#8217;de yine sela okunan bir camiye ve oradaki g\u00f6revlimize hoyrat\u00e7a sald\u0131r\u0131ld\u0131. B\u00fct\u00fcn bunlar tesad\u00fcfi de\u011fildir. Ezanlar\u0131 susturmadan, bayraklar\u0131 indirmeden \u00fclkemizi i\u015fgal edemeyeceklerini bilenler, \u00f6zellikle bu mekanlar\u0131m\u0131z\u0131 hedef al\u0131yorlar.&#8221; dedi.<\/p>\n<p>Erdo\u011fan, &#8220;\u00dczerimizdeki emanete halel getirmek \u015f\u00f6yle dursun, i\u015fte burada oldu\u011fu gibi dinimizin alameti camilerimizi, mescitlerimizi ihya ediyoruz. \u0130\u015fte gerek camimiz, gerek \u015fu g\u00f6rd\u00fc\u011f\u00fcn\u00fcz saat kulesi, hakikaten bir alameti farika. \u0130n\u015fallah Y\u0131ld\u0131z Saray\u0131m\u0131z\u0131 yeniden ihya ediyoruz. Her yan\u0131yla in\u015fallah d\u00f6rt d\u00f6rtl\u00fck hale getirece\u011fiz. Bununla da kalm\u0131yor, \u015fimdi \u00c7aml\u0131ca s\u0131rtlar\u0131nda, art\u0131k sil\u00fceti tamamen ortaya \u00e7\u0131km\u0131\u015f olan camimiz gibi tarihe mal olacak yeni abide eserler de in\u015fa ediyoruz. \u00c7aml\u0131ca tepesindeki o camimiz de in\u015fallah Cumhuriyet tarihinin, hatta Osmanl\u0131&#8217;ya da \u015f\u00f6yle uzand\u0131\u011f\u0131m\u0131zda belki de bir numara olacak. Cemaati itibar\u0131yla, yo\u011funlu\u011fu itibar\u0131yla bu denli b\u00fcy\u00fck bir eseri in\u015fallah \u015f\u00f6yle 1-1,5 y\u0131l i\u00e7inde tamamlayaca\u011f\u0131z.&#8221; diye konu\u015ftu.<\/p>\n","protected":false},"excerpt":{"rendered":"<p>Cumhurba\u015fkan\u0131 Recep Tayyip Erdo\u011fan, \u0130stanbul\u2019da Y\u0131ld\u0131z Hamidiye Camii&#8217;nin ibadete a\u00e7\u0131l\u0131\u015f t\u00f6reninde konu\u015ftu.<\/p>\n","protected":false},"author":1000097,"featured_media":1418,"comment_status":"open","ping_status":"closed","sticky":false,"template":"","format":"standard","meta":[],"categories":[85],"tags":[],"_links":{"self":[{"href":"https:\/\/www.vizyon2023.com.tr\/index.php\/wp-json\/wp\/v2\/posts\/1417"}],"collection":[{"href":"https:\/\/www.vizyon2023.com.tr\/index.php\/wp-json\/wp\/v2\/posts"}],"about":[{"href":"https:\/\/www.vizyon2023.com.tr\/index.php\/wp-json\/wp\/v2\/types\/post"}],"author":[{"embeddable":true,"href":"https:\/\/www.vizyon2023.com.tr\/index.php\/wp-json\/wp\/v2\/users\/1000097"}],"replies":[{"embeddable":true,"href":"https:\/\/www.vizyon2023.com.tr\/index.php\/wp-json\/wp\/v2\/comments?post=1417"}],"version-history":[{"count":0,"href":"https:\/\/www.vizyon2023.com.tr\/index.php\/wp-json\/wp\/v2\/posts\/1417\/revisions"}],"wp:featuredmedia":[{"embeddable":true,"href":"https:\/\/www.vizyon2023.com.tr\/index.php\/wp-json\/wp\/v2\/media\/1418"}],"wp:attachment":[{"href":"https:\/\/www.vizyon2023.com.tr\/index.php\/wp-json\/wp\/v2\/media?parent=1417"}],"wp:term":[{"taxonomy":"category","embeddable":true,"href":"https:\/\/www.vizyon2023.com.tr\/index.php\/wp-json\/wp\/v2\/categories?post=1417"},{"taxonomy":"post_tag","embeddable":true,"href":"https:\/\/www.vizyon2023.com.tr\/index.php\/wp-json\/wp\/v2\/tags?post=1417"}],"curies":[{"name":"wp","href":"https:\/\/api.w.org\/{rel}","templated":true}]}}