{"id":1411,"date":"2017-08-05T17:49:38","date_gmt":"2017-08-05T14:49:38","guid":{"rendered":"http:\/\/www.vizyon2023.com.tr\/index.php\/2017\/08\/05\/basbakan-yildirimdan-ostim-esnafina-ziyaret\/"},"modified":"2017-08-05T17:49:38","modified_gmt":"2017-08-05T14:49:38","slug":"basbakan-yildirimdan-ostim-esnafina-ziyaret","status":"publish","type":"post","link":"https:\/\/www.vizyon2023.com.tr\/index.php\/2017\/08\/05\/basbakan-yildirimdan-ostim-esnafina-ziyaret\/","title":{"rendered":"Ba\u015fbakan Y\u0131ld\u0131r\u0131m&#8217;dan OST\u0130M esnaf\u0131na ziyaret"},"content":{"rendered":"<p>Ba\u015fbakan Binali Y\u0131ld\u0131r\u0131m, Yenimahalle il\u00e7esindeki Abd\u00fclkadir Geylani Camisi&#8217;nde k\u0131ld\u0131\u011f\u0131 cuma namaz\u0131n\u0131n ard\u0131ndan, OST\u0130M Organize Sanayi B\u00f6lgesi&#8217;ne gitti. \u00d6\u011fle yeme\u011fini burada yiyen Ba\u015fbakan Y\u0131ld\u0131r\u0131m, kendisini \u00e7aya davet eden esnaf\u0131n i\u015f yerini ziyaret etti.<\/p>\n<p>Burada bir s\u00fcre esnafla \u00e7ay i\u00e7en ve sohbet eden Y\u0131ld\u0131r\u0131m, i\u015f yerindeki \u00e7al\u0131\u015fmalara ili\u015fkin bilgi ald\u0131.<\/p>\n<p>Daha sonra i\u015f\u00e7i bareti takan Y\u0131ld\u0131r\u0131m, CNC olarak bilinen &#8220;Bilgisayarl\u0131 N\u00fcmerik Kontrol&#8221; tezgah\u0131n\u0131 \u00e7al\u0131\u015ft\u0131rd\u0131. Y\u0131ld\u0131r\u0131m&#8217;\u0131n d\u00fc\u011fmeye basmas\u0131n\u0131n ard\u0131ndan, tezgahta \u00fcretim ba\u015flad\u0131.<\/p>\n<p>Ba\u015fbakan Y\u0131ld\u0131r\u0131m, ziyaretin ard\u0131ndan kendisini bekleyen esnaf\u0131 selamlad\u0131, foto\u011fraf \u00e7ektirdi.<\/p>\n<p>Y\u0131ld\u0131r\u0131m&#8217;a ziyaretinde, Adalet Bakan\u0131 Abdulhamit G\u00fcl, \u00c7al\u0131\u015fma ve Sosyal G\u00fcvenlik Bakan\u0131 J\u00fclide Sar\u0131ero\u011flu, Ankara Valisi Ercan Topaca, Ankara B\u00fcy\u00fck\u015fehir Belediye Ba\u015fkan\u0131 Melih G\u00f6k\u00e7ek, Ankara Sanayi Odas\u0131 Ba\u015fkan\u0131 Nurettin \u00d6zdebir ile milletvekilleri ve di\u011fer yetkililer e\u015flik etti.<\/p>\n","protected":false},"excerpt":{"rendered":"<p>Ba\u015fbakan Y\u0131ld\u0131r\u0131m, OST\u0130M Organize Sanayi B\u00f6lgesi&#8217;ndeki esnaf\u0131 ziyaret etti.<\/p>\n","protected":false},"author":1000097,"featured_media":1412,"comment_status":"open","ping_status":"closed","sticky":false,"template":"","format":"standard","meta":[],"categories":[85],"tags":[],"_links":{"self":[{"href":"https:\/\/www.vizyon2023.com.tr\/index.php\/wp-json\/wp\/v2\/posts\/1411"}],"collection":[{"href":"https:\/\/www.vizyon2023.com.tr\/index.php\/wp-json\/wp\/v2\/posts"}],"about":[{"href":"https:\/\/www.vizyon2023.com.tr\/index.php\/wp-json\/wp\/v2\/types\/post"}],"author":[{"embeddable":true,"href":"https:\/\/www.vizyon2023.com.tr\/index.php\/wp-json\/wp\/v2\/users\/1000097"}],"replies":[{"embeddable":true,"href":"https:\/\/www.vizyon2023.com.tr\/index.php\/wp-json\/wp\/v2\/comments?post=1411"}],"version-history":[{"count":0,"href":"https:\/\/www.vizyon2023.com.tr\/index.php\/wp-json\/wp\/v2\/posts\/1411\/revisions"}],"wp:featuredmedia":[{"embeddable":true,"href":"https:\/\/www.vizyon2023.com.tr\/index.php\/wp-json\/wp\/v2\/media\/1412"}],"wp:attachment":[{"href":"https:\/\/www.vizyon2023.com.tr\/index.php\/wp-json\/wp\/v2\/media?parent=1411"}],"wp:term":[{"taxonomy":"category","embeddable":true,"href":"https:\/\/www.vizyon2023.com.tr\/index.php\/wp-json\/wp\/v2\/categories?post=1411"},{"taxonomy":"post_tag","embeddable":true,"href":"https:\/\/www.vizyon2023.com.tr\/index.php\/wp-json\/wp\/v2\/tags?post=1411"}],"curies":[{"name":"wp","href":"https:\/\/api.w.org\/{rel}","templated":true}]}}