{"id":1406,"date":"2017-08-04T11:07:03","date_gmt":"2017-08-04T08:07:03","guid":{"rendered":"http:\/\/www.vizyon2023.com.tr\/?p=1406"},"modified":"2017-08-04T11:07:03","modified_gmt":"2017-08-04T08:07:03","slug":"yas-sonrasi-feto-magduru-8-albaya-terfi","status":"publish","type":"post","link":"https:\/\/www.vizyon2023.com.tr\/index.php\/2017\/08\/04\/yas-sonrasi-feto-magduru-8-albaya-terfi\/","title":{"rendered":"YA\u015e sonras\u0131 FET\u00d6 ma\u011fduru 8 albaya terfi"},"content":{"rendered":"<p>\u00c7ankaya K\u00f6\u015fk\u00fc\u2019nde \u00f6nceki g\u00fcn Ba\u015fbakan Binali Y\u0131ld\u0131r\u0131m ba\u015fkanl\u0131\u011f\u0131nda toplanan Y\u00fcksek Askeri \u015e\u00fbra\u2019da (YA\u015e), T\u00fcrk Silahl\u0131 Kuvvetleri\u2019nin (TSK) \u00f6n\u00fcm\u00fczdeki d\u00f6nemdeki komuta kademesi \u015fekillendirilirken,\u00a0FET\u00d6\u2019n\u00fcn kumpas davalar\u0131 ve bask\u0131lar\u0131 nedeniyle ma\u011fdur olmu\u015f askerlere ili\u015fkin terfiler de dikkat \u00e7ekti.<\/p>\n<p><strong>FET\u00d6&#8217;N\u00dcN KUMPAS MA\u011eDURU 8 ALBAY DA TERF\u0130 ETT\u0130<\/strong><\/p>\n<p>YA\u015e\u2019ta terfi ettirilen isimler aras\u0131nda kumpas ma\u011fduru komutanlar da yer al\u0131yor. Deniz Kuvvetleri\u2019nde tu\u011famiralli\u011fe terfi eden albaylar\u0131n 8\u2019ini, kumpas ma\u011fdurlar\u0131 olu\u015fturdu.<\/p>\n<p>&nbsp;<\/p>\n<p>Balyoz ma\u011fduru T\u00fcrker Ko\u00e7p\u0131nar, Yavuz K\u0131l\u0131\u00e7, Ayhan Gedik, Cem Okyay ve \u015eafak Duruer ile Askeri Casusluk davas\u0131 ma\u011fduru Aykut Manio\u011flu, \u0130lker \u00d6zkan ve Yal\u00e7\u0131n \u00d6zk\u00fct\u00fck, tu\u011famiralli\u011fe terfi etti.<\/p>\n<p>Hava Kuvvetleri\u2019nde Askeri Casusluk davas\u0131 ma\u011fduru Pilot Kurmay Albay O\u011fuz Okuyucu, tu\u011fgeneralli\u011fe terfi etti.<\/p>\n<p>Kardak krizi s\u0131ras\u0131nda adaya T\u00fcrk bayra\u011f\u0131 diken SAT komando timinde yer alan Albay Ercan Kire\u00e7tepe ile cezaevinden \u00e7\u0131kt\u0131ktan sonra SAT Komutan\u0131 olan Albay Mustafa Turhan Ecevit, Poyrazk\u00f6y kumpas\u0131 ma\u011fduruydu. 2 albay\u0131n g\u00f6rev s\u00fcreleri 2 y\u0131l uzat\u0131ld\u0131.<\/p>\n","protected":false},"excerpt":{"rendered":"<p>\u00c7ankaya K\u00f6\u015fk\u00fc\u2019nde \u00f6nceki g\u00fcn Ba\u015fbakan Binali Y\u0131ld\u0131r\u0131m ba\u015fkanl\u0131\u011f\u0131nda toplanan Y\u00fcksek Askeri \u015e\u00fbra\u2019da (YA\u015e), T\u00fcrk Silahl\u0131 Kuvvetleri\u2019nin (TSK) \u00f6n\u00fcm\u00fczdeki d\u00f6nemdeki komuta kademesi \u015fekillendirilirken,\u00a0FET\u00d6\u2019n\u00fcn kumpas davalar\u0131 ve bask\u0131lar\u0131 nedeniyle ma\u011fdur olmu\u015f askerlere ili\u015fkin terfiler de dikkat \u00e7ekti. FET\u00d6&#8217;N\u00dcN KUMPAS MA\u011eDURU 8 ALBAY DA TERF\u0130 ETT\u0130 YA\u015e\u2019ta terfi ettirilen isimler aras\u0131nda kumpas ma\u011fduru komutanlar da yer al\u0131yor. Deniz [&hellip;]<\/p>\n","protected":false},"author":1000097,"featured_media":1407,"comment_status":"open","ping_status":"closed","sticky":false,"template":"","format":"standard","meta":[],"categories":[85],"tags":[],"_links":{"self":[{"href":"https:\/\/www.vizyon2023.com.tr\/index.php\/wp-json\/wp\/v2\/posts\/1406"}],"collection":[{"href":"https:\/\/www.vizyon2023.com.tr\/index.php\/wp-json\/wp\/v2\/posts"}],"about":[{"href":"https:\/\/www.vizyon2023.com.tr\/index.php\/wp-json\/wp\/v2\/types\/post"}],"author":[{"embeddable":true,"href":"https:\/\/www.vizyon2023.com.tr\/index.php\/wp-json\/wp\/v2\/users\/1000097"}],"replies":[{"embeddable":true,"href":"https:\/\/www.vizyon2023.com.tr\/index.php\/wp-json\/wp\/v2\/comments?post=1406"}],"version-history":[{"count":1,"href":"https:\/\/www.vizyon2023.com.tr\/index.php\/wp-json\/wp\/v2\/posts\/1406\/revisions"}],"predecessor-version":[{"id":1408,"href":"https:\/\/www.vizyon2023.com.tr\/index.php\/wp-json\/wp\/v2\/posts\/1406\/revisions\/1408"}],"wp:featuredmedia":[{"embeddable":true,"href":"https:\/\/www.vizyon2023.com.tr\/index.php\/wp-json\/wp\/v2\/media\/1407"}],"wp:attachment":[{"href":"https:\/\/www.vizyon2023.com.tr\/index.php\/wp-json\/wp\/v2\/media?parent=1406"}],"wp:term":[{"taxonomy":"category","embeddable":true,"href":"https:\/\/www.vizyon2023.com.tr\/index.php\/wp-json\/wp\/v2\/categories?post=1406"},{"taxonomy":"post_tag","embeddable":true,"href":"https:\/\/www.vizyon2023.com.tr\/index.php\/wp-json\/wp\/v2\/tags?post=1406"}],"curies":[{"name":"wp","href":"https:\/\/api.w.org\/{rel}","templated":true}]}}