{"id":1164,"date":"2017-07-03T11:43:24","date_gmt":"2017-07-03T08:43:24","guid":{"rendered":"http:\/\/www.vizyon2023.com.tr\/index.php\/2017\/07\/03\/tum-kurumlara-saldiran-zihniyetin-derdi-adalet-olamaz\/"},"modified":"2017-07-03T11:43:24","modified_gmt":"2017-07-03T08:43:24","slug":"tum-kurumlara-saldiran-zihniyetin-derdi-adalet-olamaz","status":"publish","type":"post","link":"https:\/\/www.vizyon2023.com.tr\/index.php\/2017\/07\/03\/tum-kurumlara-saldiran-zihniyetin-derdi-adalet-olamaz\/","title":{"rendered":"&#8216;T\u00fcm kurumlara sald\u0131ran zihniyetin derdi adalet olamaz&#8217;"},"content":{"rendered":"<p>Cumhurba\u015fkan\u0131 ve AK Parti Genel Ba\u015fkan\u0131 Recep Tayyip Erdo\u011fan, AK Parti Genel Merkezi&#8217;nde d\u00fczenlenen &#8220;\u0130l Ba\u015fkanlar\u0131 Toplant\u0131s\u0131&#8221;ndaki konu\u015fmas\u0131nda, 16 Nisan&#8217;daki halk oylamas\u0131n\u0131n ard\u0131ndan 2 May\u0131s&#8217;ta partiye tekrar \u00fcye oldu\u011funu, 21 May\u0131s&#8217;taki ola\u011fan\u00fcst\u00fc b\u00fcy\u00fck kongrede de genel ba\u015fkanl\u0131k g\u00f6revini devir ald\u0131\u011f\u0131n\u0131 hat\u0131rlatt\u0131.<\/p>\n<p>Ard\u0131ndan kongrede se\u00e7ilen MKYK&#8217;y\u0131 toplay\u0131p, MYK&#8217;y\u0131 belirlediklerini ve \u00e7al\u0131\u015fmalar\u0131 h\u0131zland\u0131rd\u0131klar\u0131n\u0131 anlatan Cumhurba\u015fkan\u0131 Erdo\u011fan, bug\u00fcn de partiyle ili\u015fkiyi hukuki olarak sona erdirdi\u011fi 2014 y\u0131l\u0131 A\u011fustos ay\u0131ndan sonraki ilk il ba\u015fkanlar\u0131 toplant\u0131s\u0131n\u0131n icra edildi\u011fini belirtti.<\/p>\n<p>Erdo\u011fan, il ba\u015fkanlar\u0131yla daha sonra \u00e7e\u015fitli vesilelerle bir araya geldiklerini an\u0131msatarak, kendisinin de kat\u0131ld\u0131\u011f\u0131 en son geni\u015fletilmi\u015f il ba\u015fkanlar\u0131 toplant\u0131s\u0131n\u0131n 18 Nisan 2014&#8217;te mahalli se\u00e7imlerin ard\u0131ndan, ger\u00e7ekle\u015ftirdiklerini kaydetti.<\/p>\n<p>Bu toplant\u0131da, 30 Mart 2014&#8217;te yap\u0131lan mahalli se\u00e7imlerin muhasebesini ger\u00e7ekle\u015ftirdiklerini anlatan Erdo\u011fan, &#8220;Se\u00e7im s\u00fcrecinde nas\u0131l al\u00e7ak\u00e7a, nas\u0131l kalle\u015f\u00e7e sald\u0131r\u0131lara maruz kald\u0131\u011f\u0131m\u0131z\u0131 konu\u015fmu\u015ftuk. \u015eu anda &#8216;ak\u0131ls\u0131z ba\u015f\u0131n cezas\u0131n\u0131 ayaklar \u00e7eker&#8217; misali kendini yollara vurup \u0130stanbul&#8217;a giden CHP&#8217;nin ba\u015f\u0131ndaki zat, o d\u00f6nemde bizim i\u00e7in &#8216;se\u00e7imden sonra ba\u015fbakan yurt d\u0131\u015f\u0131na ka\u00e7acak&#8217; tezviratlar\u0131 yap\u0131yordu. \u0130\u015fin do\u011frusu \u00e7ok partili hayat\u0131m\u0131zda siyasetin bu denli seviyesiz hale getirildi\u011fi, siyaset\u00e7ilerin ak\u0131llar\u0131n\u0131 ve ruhlar\u0131n\u0131 bu denli kiraya verdi\u011fi pek az se\u00e7im g\u00f6rd\u00fck.&#8221; diye konu\u015ftu.<\/p>\n<p>Erdo\u011fan, bug\u00fcn FET\u00d6 ihanet \u00e7etesine ve onlar\u0131n d\u00fcmen suyuna girerek \u00fclkesine iftira atanlar\u0131 korumak i\u00e7in yollar\u0131 ar\u015f\u0131nlayanlar\u0131n, o d\u00f6nemde de ayn\u0131 \u00e7etenin ayak\u00e7\u0131l\u0131\u011f\u0131n\u0131 yapt\u0131\u011f\u0131n\u0131 kaydederek, konu\u015fmas\u0131na \u015f\u00f6yle devam etti:<\/p>\n<p>&#8220;O d\u00f6nemde sergilenen haysiyet cellatl\u0131\u011f\u0131na milletimizin itibar etmemesinin, tam tersine oynanan oyunu g\u00f6rerek g\u00fc\u00e7l\u00fc bir \u015fekilde arkam\u0131zda durmas\u0131ndan birilerinin hi\u00e7 ders \u00e7\u0131karmad\u0131\u011f\u0131 anla\u015f\u0131l\u0131yor. Art\u0131k \u00e7o\u011fu ya yurt d\u0131\u015f\u0131na ka\u00e7m\u0131\u015f olan ya mahkemelerde adalete hesap veren FET\u00d6 tetik\u00e7ilerinin ellerine tutu\u015fturduklar\u0131 malzemeler, kay\u0131tlar, tapeler \u00fczerinden kendilerine ikbal dev\u015firmeye \u00e7al\u0131\u015fanlar hala ayn\u0131 yerde debelenip duruyor. Buna kar\u015f\u0131 AK Parti, 2014 mahalli se\u00e7imleri de kazand\u0131, cumhurba\u015fkanl\u0131\u011f\u0131 se\u00e7imini de kazand\u0131, milletvekilli\u011fi se\u00e7imini de kazand\u0131, yetmedi halk oylamas\u0131n\u0131 da kazand\u0131. Sadece bunlarla kalmad\u0131.<\/p>\n<p>Milletimiz ve g\u00fcvenlik g\u00fc\u00e7lerimizle beraber b\u00f6l\u00fcc\u00fc \u00f6rg\u00fct\u00fc a\u00e7t\u0131\u011f\u0131 \u00e7ukurlara g\u00f6m\u00fcp, darbe giri\u015fimini engelledi, Suriye&#8217;de kurulan tezgah\u0131 bozdu, ekonomik sald\u0131r\u0131lar\u0131 da atlatt\u0131. Biz \u00fclkemiz i\u00e7in \u00e7al\u0131\u015ft\u0131\u011f\u0131m\u0131z ve &#8216;tek millet, tek bayrak, tek vatan, tek devlet&#8217; dedi\u011fimiz i\u00e7in 80 milyonun g\u00f6nl\u00fcnde kendimize m\u00fcstesna bir yer edindik. Onlarsa yolda\u015fl\u0131\u011f\u0131n\u0131 yapt\u0131klar\u0131 ihanet \u00e7etesiyle ve b\u00f6l\u00fcc\u00fc \u00f6rg\u00fctle birlikte T\u00fcrkiye&#8217;nin aleyhinde \u00e7al\u0131\u015fmaktan bir g\u00fcn bile vazge\u00e7mediler. Bunlar\u0131n kendi milletlerine ve devletlerine kar\u015f\u0131 olan her i\u015fin arkas\u0131nda yer alma konusunda ortaya koyduklar\u0131 inat, meselenin ara\u00e7 olmaktan \u00e7\u0131k\u0131p ama\u00e7 haline geldi\u011fini g\u00f6steriyor.&#8221;<\/p>\n<p><strong>&#8220;Gitti\u011finiz yol Kandil&#8217;in, Pensilvanya&#8217;n\u0131n yoludur&#8221;<\/strong><\/p>\n<p>\u00d6zellikle \u00fclkeye ve millete olan muhabbetlerinden \u015f\u00fcphe duymad\u0131klar\u0131 MHP&#8217;nin, kritik konularda g\u00f6sterdi\u011fi olumlu ve sa\u011f duyulu duru\u015fa bak\u0131ld\u0131\u011f\u0131nda, CHP&#8217;nin ve ayn\u0131 \u00e7izgideki \u00e7evrelerin konumunun \u00e7ok daha a\u00e7\u0131k bir bi\u00e7imde g\u00f6r\u00fcld\u00fc\u011f\u00fcne i\u015faret eden Cumhurba\u015fkan\u0131 Erdo\u011fan, konu\u015fmas\u0131na \u015f\u00f6yle devam etti:<\/p>\n<p>&#8220;Meselenin muhalefet de\u011fil, siyaset de\u011fil, memleketinin bekas\u0131 meselesi oldu\u011funu g\u00f6rerek, \u00fclkesinin ve milletinin yan\u0131nda yer alan herkese bir kez daha te\u015fekk\u00fcrlerimizi iletiyorum. CHP&#8217;nin temsil etti\u011fi \u00e7izgi, art\u0131k siyaseten muhalif olma, siyaseten farkl\u0131 duru\u015f sergileme, siyaseten farkl\u0131 s\u00f6ylemde bulunma boyutunu a\u015fm\u0131\u015ft\u0131r. Ter\u00f6r \u00f6rg\u00fctleriyle ve onlar\u0131 \u00f6zellikle \u00fclkemizin \u00fczerine k\u0131\u015fk\u0131rtan g\u00fc\u00e7lerle birlikte hareket etme noktas\u0131na geldi\u011fini g\u00f6rmek durumunday\u0131z. Ge\u00e7mi\u015flerindeki millete ra\u011fmen siyaset yapma anlay\u0131\u015flar\u0131 sebebiyle demokrasi sicilleri zaten bozuk olanlar \u015fimdi i\u015fi bir ad\u0131m daha ileriye g\u00f6t\u00fcr\u00fcp millete kar\u015f\u0131 siyaset yapmaya ba\u015flam\u0131\u015flard\u0131r.&#8221;<\/p>\n<p>Cumhurba\u015fkan\u0131 Erdo\u011fan, &#8220;Avrupa&#8217;n\u0131n himayesindeki s\u00f6zde gazetesinden size seslenen PKK y\u00f6neticisi, &#8216;do\u011fru ad\u0131mlar\u0131 at\u0131yorsunuz&#8217; diyorsa att\u0131\u011f\u0131n\u0131z ad\u0131m kesinlikle yanl\u0131\u015ft\u0131r. Ter\u00f6r \u00f6rg\u00fctleri ola\u011fan\u00fcst\u00fc halden rahats\u0131zsa ve siz de uygulama gayesini bile bile buna kar\u015f\u0131 \u00e7\u0131k\u0131yorsan\u0131z gitti\u011finiz yol Kandil&#8217;in, Pensilvanya&#8217;n\u0131n yoludur.&#8221; dedi.<\/p>\n<p>Erdo\u011fan, &#8220;Ter\u00f6r \u00f6rg\u00fctlerine kar\u015f\u0131 yapmay\u0131 akl\u0131n\u0131zdan ge\u00e7irmedi\u011finiz y\u00fcr\u00fcy\u00fc\u015f\u00fc, ter\u00f6ristleri ve onlara destek verenleri savunmak i\u00e7in ba\u015flat\u0131yorsan\u0131z kimseyi amac\u0131n\u0131z\u0131n adalet oldu\u011funa inand\u0131ramazs\u0131n\u0131z.&#8221; diye konu\u015ftu.<\/p>\n<p><strong>&#8220;Millete kar\u015f\u0131 siyaset yapmaya ba\u015flad\u0131lar&#8221;<\/strong><\/p>\n<p>Erdo\u011fan, \u015f\u00f6yle devam etti:<\/p>\n<p>&#8220;Ge\u00e7mi\u015flerindeki millete ra\u011fmen siyaset yapma anlay\u0131\u015flar\u0131 sebebiyle demokrasi sicilleri zaten bozuk olanlar \u015fimdi i\u015fi bir ad\u0131m daha ileriye g\u00f6t\u00fcr\u00fcp millete kar\u015f\u0131 siyaset yapmaya ba\u015flam\u0131\u015flard\u0131r. Akl\u0131 ba\u015f\u0131nda olan herkesin rahatl\u0131kla g\u00f6rebildi\u011fi bu durum, Suriye&#8217;de, Irak&#8217;ta, K\u00f6rfez&#8217;de, Avrupa&#8217;da \u00fclkemize kar\u015f\u0131 kurulan tuzaklar\u0131n bir par\u00e7as\u0131d\u0131r. G\u00fcya &#8216;adalet&#8217; diyen ama adaleti sa\u011flamakla g\u00f6revli ilk derece mahkemelerinden Anayasa Mahkemesine kadar t\u00fcm kurumlara sald\u0131ran bir zihniyetin derdi asla adalet, hukuk olamaz.&#8221;<\/p>\n<p><strong>&#8220;15 Temmuz&#8217;un unutulmas\u0131na izin vermeyece\u011fiz&#8221;<\/strong><\/p>\n<p>&#8220;15 Temmuz&#8217;un unutulmas\u0131na, unutturulmas\u0131na, bu ihanetin \u00fczerinin \u00f6rt\u00fclmesine, bu hainlerin yapt\u0131klar\u0131 al\u00e7akl\u0131\u011f\u0131n hesab\u0131n\u0131n sorulmas\u0131n\u0131n \u00f6n\u00fcne ge\u00e7ilmesine kesinlikle izin vermeyece\u011fiz.&#8221; diye konu\u015fan Erdo\u011fan, &#8220;O gece canlar\u0131 pahas\u0131na sokaklar\u0131, meydanlar\u0131 doldurarak \u00fclkelerine sahip \u00e7\u0131kan milyonlar\u0131n, \u015fehitlerimizin ve gazilerimizin \u00fczerimizdeki vebalini hi\u00e7 akl\u0131m\u0131zdan \u00e7\u0131karmayaca\u011f\u0131z. Birileri hava meydan\u0131ndan ka\u00e7ar gider ama birileri de orada \u015fehadete y\u00fcr\u00fcr. \u0130\u015fte fark bu.&#8221; ifadelerini kulland\u0131.<\/p>\n","protected":false},"excerpt":{"rendered":"<p>Cumhurba\u015fkan\u0131 ve AK Parti Genel Ba\u015fkan\u0131 Recep Tayyip Erdo\u011fan, AK Parti Genel Merkezi&#8217;nde d\u00fczenlenen \u0130l Ba\u015fkanlar\u0131 Toplant\u0131s\u0131&#8217;nda konu\u015ftu.<\/p>\n","protected":false},"author":1000097,"featured_media":1165,"comment_status":"open","ping_status":"closed","sticky":false,"template":"","format":"standard","meta":[],"categories":[58],"tags":[],"_links":{"self":[{"href":"https:\/\/www.vizyon2023.com.tr\/index.php\/wp-json\/wp\/v2\/posts\/1164"}],"collection":[{"href":"https:\/\/www.vizyon2023.com.tr\/index.php\/wp-json\/wp\/v2\/posts"}],"about":[{"href":"https:\/\/www.vizyon2023.com.tr\/index.php\/wp-json\/wp\/v2\/types\/post"}],"author":[{"embeddable":true,"href":"https:\/\/www.vizyon2023.com.tr\/index.php\/wp-json\/wp\/v2\/users\/1000097"}],"replies":[{"embeddable":true,"href":"https:\/\/www.vizyon2023.com.tr\/index.php\/wp-json\/wp\/v2\/comments?post=1164"}],"version-history":[{"count":0,"href":"https:\/\/www.vizyon2023.com.tr\/index.php\/wp-json\/wp\/v2\/posts\/1164\/revisions"}],"wp:featuredmedia":[{"embeddable":true,"href":"https:\/\/www.vizyon2023.com.tr\/index.php\/wp-json\/wp\/v2\/media\/1165"}],"wp:attachment":[{"href":"https:\/\/www.vizyon2023.com.tr\/index.php\/wp-json\/wp\/v2\/media?parent=1164"}],"wp:term":[{"taxonomy":"category","embeddable":true,"href":"https:\/\/www.vizyon2023.com.tr\/index.php\/wp-json\/wp\/v2\/categories?post=1164"},{"taxonomy":"post_tag","embeddable":true,"href":"https:\/\/www.vizyon2023.com.tr\/index.php\/wp-json\/wp\/v2\/tags?post=1164"}],"curies":[{"name":"wp","href":"https:\/\/api.w.org\/{rel}","templated":true}]}}