{"id":1158,"date":"2017-07-03T11:36:26","date_gmt":"2017-07-03T08:36:26","guid":{"rendered":"http:\/\/www.vizyon2023.com.tr\/index.php\/2017\/07\/03\/ak-partide-kongre-sureci-4-temmuzda-basliyor\/"},"modified":"2017-07-03T11:36:26","modified_gmt":"2017-07-03T08:36:26","slug":"ak-partide-kongre-sureci-4-temmuzda-basliyor","status":"publish","type":"post","link":"https:\/\/www.vizyon2023.com.tr\/index.php\/2017\/07\/03\/ak-partide-kongre-sureci-4-temmuzda-basliyor\/","title":{"rendered":"AK Parti&#8217;de kongre s\u00fcreci 4 Temmuz&#8217;da ba\u015fl\u0131yor"},"content":{"rendered":"<p>AK Parti, kongre takvimini 4 Temmuz Sal\u0131 g\u00fcn\u00fc belde kongreleriyle ba\u015flatacak. 19 A\u011fustos-12 Kas\u0131m&#8217;da il\u00e7e, 2018 y\u0131l\u0131 \u015fubat ay\u0131n\u0131n sonuna kadar da il kongreleri tamamlanm\u0131\u015f olacak.<\/p>\n<p>Edinilen bilgiye g\u00f6re, AK Parti Genel Merkezi&#8217;nde Cumhurba\u015fkan\u0131 ve Genel Ba\u015fkan Recep Tayyip Erdo\u011fan ba\u015fkanl\u0131\u011f\u0131nda ger\u00e7ekle\u015fen \u0130l Ba\u015fkanlar\u0131 Toplant\u0131s\u0131 yakla\u015f\u0131k 4 saat s\u00fcrd\u00fc.<\/p>\n<p>Toplant\u0131da, d\u00fcn Erdo\u011fan ba\u015fkanl\u0131\u011f\u0131nda yap\u0131lan Merkez Karar ve Y\u00f6netim Kurulu&#8217;nda belirlenen AK Parti&#8217;nin bu y\u0131lki belde, il ve il\u00e7e kongre takvimi de ele al\u0131nd\u0131.<\/p>\n<p>Bu kapsamda kongre takvimi 4 Temmuz Sal\u0131 g\u00fcn\u00fc belde kongreleriyle ba\u015flayacak.<\/p>\n<p>\u0130l\u00e7e kongreleri 19 A\u011fustos-12 Kas\u0131m tarihinde, il kongreleri de 2018 y\u0131l\u0131 \u015fubat ay\u0131n\u0131n sonuna kadar tamamlanacak.<\/p>\n","protected":false},"excerpt":{"rendered":"<p>AK Parti, kongre takvimini 4 Temmuz Sal\u0131 g\u00fcn\u00fc belde kongreleriyle ba\u015flatacak. 19 A\u011fustos-12 Kas\u0131m&#8217;da il\u00e7e, 2018 y\u0131l\u0131 \u015fubat ay\u0131n\u0131n sonuna kadar da il kongreleri tamamlanm\u0131\u015f olacak.<\/p>\n","protected":false},"author":1000097,"featured_media":1159,"comment_status":"open","ping_status":"closed","sticky":false,"template":"","format":"standard","meta":[],"categories":[85],"tags":[],"_links":{"self":[{"href":"https:\/\/www.vizyon2023.com.tr\/index.php\/wp-json\/wp\/v2\/posts\/1158"}],"collection":[{"href":"https:\/\/www.vizyon2023.com.tr\/index.php\/wp-json\/wp\/v2\/posts"}],"about":[{"href":"https:\/\/www.vizyon2023.com.tr\/index.php\/wp-json\/wp\/v2\/types\/post"}],"author":[{"embeddable":true,"href":"https:\/\/www.vizyon2023.com.tr\/index.php\/wp-json\/wp\/v2\/users\/1000097"}],"replies":[{"embeddable":true,"href":"https:\/\/www.vizyon2023.com.tr\/index.php\/wp-json\/wp\/v2\/comments?post=1158"}],"version-history":[{"count":0,"href":"https:\/\/www.vizyon2023.com.tr\/index.php\/wp-json\/wp\/v2\/posts\/1158\/revisions"}],"wp:featuredmedia":[{"embeddable":true,"href":"https:\/\/www.vizyon2023.com.tr\/index.php\/wp-json\/wp\/v2\/media\/1159"}],"wp:attachment":[{"href":"https:\/\/www.vizyon2023.com.tr\/index.php\/wp-json\/wp\/v2\/media?parent=1158"}],"wp:term":[{"taxonomy":"category","embeddable":true,"href":"https:\/\/www.vizyon2023.com.tr\/index.php\/wp-json\/wp\/v2\/categories?post=1158"},{"taxonomy":"post_tag","embeddable":true,"href":"https:\/\/www.vizyon2023.com.tr\/index.php\/wp-json\/wp\/v2\/tags?post=1158"}],"curies":[{"name":"wp","href":"https:\/\/api.w.org\/{rel}","templated":true}]}}