{"id":1156,"date":"2017-07-03T11:34:53","date_gmt":"2017-07-03T08:34:53","guid":{"rendered":"http:\/\/www.vizyon2023.com.tr\/index.php\/2017\/07\/03\/ulusal-guvenligimizi-korumak-icin-butun-tedbirleri-aliriz\/"},"modified":"2017-07-03T11:34:53","modified_gmt":"2017-07-03T08:34:53","slug":"ulusal-guvenligimizi-korumak-icin-butun-tedbirleri-aliriz","status":"publish","type":"post","link":"https:\/\/www.vizyon2023.com.tr\/index.php\/2017\/07\/03\/ulusal-guvenligimizi-korumak-icin-butun-tedbirleri-aliriz\/","title":{"rendered":"&#8216;Ulusal g\u00fcvenli\u011fimizi korumak i\u00e7in b\u00fct\u00fcn tedbirleri al\u0131r\u0131z&#8217;"},"content":{"rendered":"<p>Cumhurba\u015fkanl\u0131\u011f\u0131 S\u00f6zc\u00fcs\u00fc \u0130brahim Kal\u0131n, Katar ile baz\u0131 Arap \u00fclkeleri aras\u0131ndaki krize ili\u015fkin, &#8220;Netice al\u0131nabilece\u011fine dair baz\u0131 emareler var. Gerek Say\u0131n Cumhurba\u015fkan\u0131m\u0131z\u0131n d\u00fcn Say\u0131n Trump&#8217;la yapt\u0131\u011f\u0131 g\u00f6r\u00fc\u015fmeden edindi\u011fimiz ana intiba bu, gerekse Avrupa liderlerinin yapt\u0131\u011f\u0131 a\u00e7\u0131klamalar, K\u00f6rfez&#8217;de Kuveyt Emiri&#8217;nin giri\u015fimleri, b\u00fct\u00fcn bunlar\u0131 bir araya getirdi\u011fimizde olumlu bir y\u00f6nde ad\u0131m at\u0131lmas\u0131 i\u00e7in gayretlerimizin devam etmesi gerekti\u011fi konusunda biz de hemfikiriz.&#8221; dedi.<\/p>\n<p>Kal\u0131n, AK Parti Genel Merkezi&#8217;nde Cumhurba\u015fkan\u0131 Recep Tayyip Erdo\u011fan&#8217;\u0131n, Katar Savunmadan Sorumlu Devlet Bakan\u0131 Halid Bin El-Atiyye&#8217;yi kabul\u00fc sonras\u0131nda gazetecilere a\u00e7\u0131klamada bulundu ve sorular\u0131 yan\u0131tlad\u0131.<\/p>\n<p>Katar ile baz\u0131 Arap \u00fclkeleri aras\u0131nda bir s\u00fcredir devam eden krizle ilgili Cumhurba\u015fkan\u0131 Erdo\u011fan&#8217;\u0131n yo\u011fun bir diplomasi trafi\u011fi ger\u00e7ekle\u015ftirdi\u011fini belirten Kal\u0131n, Erdo\u011fan&#8217;\u0131n b\u00f6lge ve d\u00fcnya liderleriyle pek \u00e7ok g\u00f6r\u00fc\u015fme yapt\u0131\u011f\u0131n\u0131 s\u00f6yledi.<\/p>\n<p>Kal\u0131n, Erdo\u011fan&#8217;\u0131n son olarak d\u00fcn ABD Ba\u015fkan\u0131 Donald Trump ile ger\u00e7ekle\u015ftirdi\u011fi telefon g\u00f6r\u00fc\u015fmesini an\u0131msatarak, &#8220;Orada da K\u00f6rfez krizinin sonland\u0131r\u0131lmas\u0131, gerilimin d\u00fc\u015f\u00fcr\u00fclmesi, m\u00fczakere yoluyla bir \u00e7\u00f6z\u00fcm bulunmas\u0131 konusunda g\u00f6r\u00fc\u015f teatisinde bulundular.&#8221; ifadesini kulland\u0131.<\/p>\n<p>Bu y\u00f6ndeki \u00e7abalar\u0131n devam edece\u011fini vurgulayan Kal\u0131n, \u00f6zellikle Kuveyt&#8217;in arabuluculuk giri\u015fimini desteklediklerini dile getirdi.<\/p>\n<p>Kal\u0131n, Katar Savunmadan Sorumlu Devlet Bakan\u0131 El-Atiyye&#8217;nin ziyaretin daha \u00f6nceden planland\u0131\u011f\u0131n\u0131 ve ziyaretle &#8220;krizin m\u00fczakere yoluyla \u00e7\u00f6z\u00fclmesine d\u00f6n\u00fck ad\u0131mlar\u0131n ele al\u0131nd\u0131\u011f\u0131&#8221;n\u0131 ifade etti.<\/p>\n<p>Katarl\u0131lar\u0131n da meselenin m\u00fczakere yoluyla \u00e7\u00f6z\u00fclmesinden taraf olduklar\u0131n\u0131 s\u00f6yleyen Kal\u0131n, &#8220;Zira b\u00f6lgedeki gerilim hi\u00e7 kimsenin faydas\u0131na olmayacakt\u0131r. Biz, \u015fu ana kadar gerek Suudi Arabistan, gerek Bahreyn, gerek Birle\u015fik Arap Emirlikleri ve di\u011fer \u00fclkelerle temaslar\u0131m\u0131zla bu gerilimin bir an \u00f6nce d\u00fc\u015f\u00fcr\u00fclmesi noktas\u0131nda gerekli mesajlar\u0131 verdik. Bu y\u00f6ndeki \u00e7abalar\u0131m\u0131z da devam edecek.&#8221; diye konu\u015ftu.<\/p>\n<p><strong>&#8220;Katar, 13 madde ile cevaplar\u0131n\u0131 Kuveyt \u00fczerinden iletecek&#8221;<\/strong><\/p>\n<p>\u0130brahim Kal\u0131n, T\u00fcrkiye&#8217;nin \u015fu anda Katar&#8217;da kurma s\u00fcrecinin devam etti\u011fi askeri \u00fcs meselesine de de\u011findi.<\/p>\n<p>\u00dcss\u00fcn amac\u0131n\u0131n Katar dahil b\u00f6lgenin g\u00fcvenli\u011fini sa\u011flamak oldu\u011funun alt\u0131n\u0131 \u00e7izen Kal\u0131n, &#8220;Konuyu Say\u0131n Cumhurba\u015fkan\u0131m\u0131z da \u00e7ok yak\u0131n bir \u015fekilde takip etmeye devam edecektir.&#8221; dedi.<\/p>\n<p>Kal\u0131n, &#8220;Katar&#8217;\u0131n ter\u00f6re destek verdi\u011fine&#8221; y\u00f6nelik, yap\u0131lan g\u00f6r\u00fc\u015fmelerde, T\u00fcrkiye&#8217;ye somut belge olarak herhangi bir \u015fey sunulup sunulmad\u0131\u011f\u0131na ili\u015fkin soruya, &#8220;Bize ula\u015fan bir \u015fey yok. Katar, birka\u00e7 g\u00fcn i\u00e7erisinde 13 madde ile cevaplar\u0131n\u0131 Kuveyt \u00fczerinden iletecek. Biz de o s\u00fcreci takip edece\u011fiz. Burada \u00f6zellikle Katar vatanda\u015flar\u0131n\u0131n g\u00fcnl\u00fck hayat\u0131n\u0131 etkileyecek d\u00fczeyde tedbirlerin, yapt\u0131r\u0131mlar\u0131n uygulanmas\u0131n\u0131 do\u011fru bulmuyoruz. Biz de o y\u00fczden T\u00fcrkiye olarak gerekli deste\u011fi verdik \u00f6zellikle g\u0131da noktas\u0131nda.&#8221; yan\u0131t\u0131n\u0131 verdi.<\/p>\n<p>&#8220;\u015eu an bak\u0131ld\u0131\u011f\u0131nda krizin \u00e7\u0131kt\u0131\u011f\u0131 ilk g\u00fcnden bug\u00fcne gelinen s\u00fcre\u00e7te \u00e7\u00f6z\u00fcme yak\u0131n m\u0131?&#8221; sorusu \u00fczerine Kal\u0131n, &#8220;Netice al\u0131nabilece\u011fine dair baz\u0131 emareler var. Gerek Say\u0131n Cumhurba\u015fkan\u0131m\u0131z\u0131n d\u00fcn Say\u0131n Trump&#8217;la yapt\u0131\u011f\u0131 g\u00f6r\u00fc\u015fmeden edindi\u011fimiz ana intiba bu, gerekse Avrupa liderlerinin yapt\u0131\u011f\u0131 a\u00e7\u0131klamalar, K\u00f6rfez&#8217;de Kuveyt Emiri&#8217;nin giri\u015fimleri, b\u00fct\u00fcn bunlar\u0131 bir araya getirdi\u011fimizde olumlu bir y\u00f6nde ad\u0131m at\u0131lmas\u0131 i\u00e7in gayretlerimizin devam etmesi gerekti\u011fi konusunda biz de hemfikiriz.&#8221; ifadesini kulland\u0131.<\/p>\n<p><strong>Alman siyaset\u00e7ilerin a\u00e7\u0131klamalar\u0131<\/strong><\/p>\n<p>Kal\u0131n, baz\u0131 Alman siyaset\u00e7ilerin Erdo\u011fan&#8217;\u0131n Hamburg ziyaretiyle ilgili a\u00e7\u0131klamalar\u0131n\u0131n hat\u0131rlat\u0131lmas\u0131 ve bununla ilgili bir krizin s\u00f6z konusu olup olmad\u0131\u011f\u0131n\u0131n sorulmas\u0131 \u00fczerine, bu konuda gerekli a\u00e7\u0131klamalar\u0131n d\u00fcn yap\u0131ld\u0131\u011f\u0131n\u0131 an\u0131msatt\u0131.<\/p>\n<p>Erdo\u011fan&#8217;\u0131n, G-20 Zirvesi&#8217;ne kat\u0131lmak \u00fczere Almanya&#8217;ya gidece\u011fini an\u0131msatan Kal\u0131n, s\u00f6zlerini \u015f\u00f6yle s\u00fcrd\u00fcrd\u00fc:<\/p>\n<p>&#8220;Ge\u00e7mi\u015fte de orada ya\u015fayan vatanda\u015flar\u0131m\u0131zla Say\u0131n Cumhurba\u015fkan\u0131m\u0131z\u0131n bir\u00e7ok g\u00f6r\u00fc\u015fmeleri, bulu\u015fmalar\u0131 oldu. O bulu\u015fmalarda bildi\u011finiz gibi Say\u0131n Cumhurba\u015fkan\u0131m\u0131z her zaman pozitif mesajlar verdi. Bu toplant\u0131larda hi\u00e7bir zaman ta\u015fk\u0131nl\u0131k, kanun d\u0131\u015f\u0131 bir i\u015f olmam\u0131\u015ft\u0131r. Yasa d\u0131\u015f\u0131 \u00f6rg\u00fctlerin pa\u00e7avralar\u0131, \u015funlar\u0131, bunlar\u0131 sergilenmemi\u015ftir. Almanya gibi bir \u00fclke, orada PKK ter\u00f6r \u00f6rg\u00fct\u00fc ba\u015fta olmak \u00fczere farkl\u0131 ter\u00f6r \u00f6rg\u00fctlerine g\u00f6steri, toplant\u0131 yapmas\u0131na izin verirken T\u00fcrkiye Cumhuriyeti Cumhurba\u015fkan\u0131&#8217;n\u0131n orada vatanda\u015flar\u0131m\u0131zla bulu\u015fmas\u0131na d\u00f6n\u00fck negatif bir tav\u0131r sergilemesini biz anlamakta zorlan\u0131yoruz.&#8221;<\/p>\n<p>Kal\u0131n, Cumhurba\u015fkan\u0131 Erdo\u011fan&#8217;\u0131n her zaman &#8220;yurt d\u0131\u015f\u0131nda ya\u015fayan vatanda\u015flara asimile olmadan entegre olmalar\u0131&#8221; mesaj\u0131n\u0131 verdi\u011fini ve bundan daha do\u011fal bir \u015fey olmad\u0131\u011f\u0131n\u0131 vurgulayarak, &#8220;PKK ter\u00f6r \u00f6rg\u00fct\u00fc ve benzeri ba\u015fka \u00f6rg\u00fctlere do\u011frudan ya da dolayl\u0131 olarak imkan, mekan sa\u011flayan birtak\u0131m makamlar\u0131n, Say\u0131n Cumhurba\u015fkan\u0131m\u0131z\u0131n b\u00f6yle bir toplant\u0131 ihtimaliyle ilgili yapt\u0131\u011f\u0131 de\u011ferlendirmeleri biz kabul edilemez buluyoruz. Bunlar tamamen i\u00e7 siyaset malzemesi.&#8221; de\u011ferlendirmesinde bulundu.<\/p>\n<p>Alman D\u0131\u015fi\u015fleri Bakan\u0131 Sigmar Gabriel&#8217;in de d\u00fcn &#8220;PKK ter\u00f6r \u00f6rg\u00fct\u00fcn\u00fcn burada propaganda yapmas\u0131na izin verirken, Alman makamlar\u0131n hi\u00e7bir \u015fey olmam\u0131\u015f gibi davranmas\u0131n\u0131n kabul edilemez&#8221; oldu\u011fu y\u00f6n\u00fcndeki a\u00e7\u0131klamalar\u0131yla bir \u00f6z ele\u015ftiri yapt\u0131\u011f\u0131na i\u015faret eden Kal\u0131n, bu \u00f6z ele\u015ftiriyi \u00f6nemsediklerini vurgulad\u0131.<\/p>\n<p>Kal\u0131n, &#8220;Umar\u0131z Alman makamlar\u0131 yetkililer de bu \u00e7er\u00e7evede T\u00fcrkiye ile Almanya aras\u0131nda olan y\u00fczlerce y\u0131ll\u0131k dostluk ve m\u00fcttefiklik ili\u015fkisinin ana \u00e7er\u00e7evesini ve \u00f6nemini dikkate alarak bundan sonraki de\u011ferlendirmelerini yaparlar.&#8221; dedi.<\/p>\n<p><strong>&#8220;T\u00fcrkiye bunlara gereken cevab\u0131 misliyle an\u0131nda verir&#8221;<\/strong><\/p>\n<p>Kal\u0131n, Erdo\u011fan&#8217;\u0131n, ABD Ba\u015fkan\u0131 Trump ve Rusya Devlet Ba\u015fkan\u0131 Vladimir Putin ile ger\u00e7ekle\u015ftirdi\u011fi g\u00f6r\u00fc\u015fmeler ile ABD&#8217;nin DEA\u015e&#8217;la m\u00fccadele \u00f6zel temsilcisi Brett McGurk&#8217;un Ankara&#8217;daki temaslar\u0131 an\u0131msat\u0131larak, &#8220;T\u00fcm bunlar g\u00f6z \u00f6n\u00fcne al\u0131nd\u0131\u011f\u0131nda \u00f6zellikle Suriye konusunda bir yandan da Afrin&#8217;de YPG&#8217;ye y\u00f6nelik T\u00fcrkiye&#8217;nin att\u0131\u011f\u0131 baz\u0131 ad\u0131mlar var. K\u0131sa vadede bu ad\u0131mlar\u0131n daha ileri bir noktaya ta\u015f\u0131nmas\u0131 ya da T\u00fcrkiye&#8217;nin yine kendi s\u0131n\u0131rlar\u0131n\u0131 koruma ad\u0131na yeni bir operasyona ba\u015flamas\u0131 s\u00f6z konusu olabilir mi?&#8221; sorusuna kar\u015f\u0131l\u0131k, &#8220;Ulusal g\u00fcvenli\u011fimizi ve s\u0131n\u0131rlar\u0131m\u0131z\u0131 koruma noktas\u0131nda gerekli b\u00fct\u00fcn tedbirleri al\u0131r\u0131z, bug\u00fcne kadar oldu\u011fu gibi. T\u00fcrkiye&#8217;ye y\u00f6nelik Suriye&#8217;den veya bir ba\u015fka \u00fclkeden gelebilecek herhangi bir tehdit, bu DEA\u015e&#8217;tan, PKK&#8217;dan, YPG&#8217;den olabilir, hangi ter\u00f6r \u00f6rg\u00fct\u00fcnden olursa olsun, T\u00fcrkiye bunlara gereken cevab\u0131 misliyle an\u0131nda verir.&#8221; diye konu\u015ftu.<\/p>\n<p>\u0130brahim Kal\u0131n, 4-5 Temmuz&#8217;da Astana toplant\u0131lar\u0131n\u0131n \u00fc\u00e7\u00fcnc\u00fcs\u00fcn\u00fcn yap\u0131laca\u011f\u0131na ve \u00f6zellikle \u00e7at\u0131\u015fmas\u0131zl\u0131k b\u00f6lgesinin mekanizmalar\u0131yla ilgili konular\u0131n detayl\u0131 bir \u015fekilde teknik d\u00fczeyde m\u00fczakere edilece\u011fini, Erdo\u011fan&#8217;\u0131n Putin&#8217;le yapt\u0131\u011f\u0131 g\u00f6r\u00fc\u015fmenin ana odak noktas\u0131n\u0131n da bu oldu\u011funu kaydetti.<\/p>\n<p>Cenevre toplant\u0131lar\u0131n\u0131n da temmuz ay\u0131nda devam edece\u011fini aktaran Kal\u0131n, &#8220;B\u00fct\u00fcn amac\u0131m\u0131z oradaki \u00e7at\u0131\u015fmalar\u0131n durdurulmas\u0131, iki siyasi ge\u00e7i\u015f s\u00fcrecinin sa\u011flanmas\u0131, \u00fc\u00e7 insani yard\u0131mlar\u0131n orada ivedilikle ula\u015ft\u0131r\u0131lmas\u0131. Dolay\u0131s\u0131yla bizim, Amerika Birle\u015fik Devletleri&#8217;nin Rakka operasyonu ba\u011flam\u0131nda ya da DEA\u015e ter\u00f6r\u00fcyle ba\u011flam\u0131nda YPG&#8217;ye verdi\u011fi deste\u011fi kabul etmemiz m\u00fcmk\u00fcn de\u011fil.&#8221; diye konu\u015ftu.<\/p>\n<p>Bunu Cumhurba\u015fkan\u0131 Erdo\u011fan&#8217;\u0131n da a\u00e7\u0131k bir \u015fekilde ifade etti\u011fini an\u0131msatan Kal\u0131n, s\u00f6zlerini \u015f\u00f6yle s\u00fcrd\u00fcrd\u00fc:<\/p>\n<p>&#8220;Bu Rakka operasyonu devam ederken de, Rakka operasyonu bittikten sonra da bu b\u00f6yledir. \u00c7\u00fcnk\u00fc bu t\u00fcr destekler PKK ter\u00f6r \u00f6rg\u00fct\u00fcne verilmi\u015f bir destektir. Bunu herkes a\u00e7\u0131k se\u00e7ik biliyor. Burada ter\u00f6rle m\u00fccadelede bir \u00e7ifte standart uygulanmas\u0131 kabul edilemez. \u00c7\u00fcnk\u00fc \u00e7ifte standart uygulay\u0131p, g\u00f6zetip, kollad\u0131\u011f\u0131n\u0131z o ter\u00f6r \u00f6rg\u00fctleri yar\u0131n gelir sizi de vururlar. Hele ki T\u00fcrkiye gibi NATO m\u00fcttefiki bir \u00fclke, ter\u00f6rle m\u00fccadelede en \u00f6n safta yer alan bir \u00fclke olarak bizim b\u00f6yle bir \u00e7ifte standard\u0131 kabul etmemiz m\u00fcmk\u00fcn de\u011fil. Dolay\u0131s\u0131yla oradaki pozisyonumuzda herhangi bir de\u011fi\u015fiklik s\u00f6z konusu de\u011fil.&#8221;<\/p>\n<p>Kal\u0131n, yeni bir operasyonun olup olmayaca\u011f\u0131na y\u00f6nelik soruyu ise &#8220;S\u0131n\u0131r g\u00fcvenli\u011fi anlam\u0131nda gerekli tedbirler her zaman al\u0131n\u0131r.&#8221; \u015feklinde yan\u0131tlad\u0131. AA<\/p>\n","protected":false},"excerpt":{"rendered":"<p>Kal\u0131n, &#8220;Ulusal g\u00fcvenli\u011fimizi ve s\u0131n\u0131rlar\u0131m\u0131z\u0131 koruma noktas\u0131nda gerekli b\u00fct\u00fcn tedbirleri al\u0131r\u0131z. T\u00fcrkiye bunlara gereken cevab\u0131 misliyle an\u0131nda verir&#8221; dedi.<\/p>\n","protected":false},"author":1000097,"featured_media":1157,"comment_status":"open","ping_status":"closed","sticky":false,"template":"","format":"standard","meta":[],"categories":[85],"tags":[],"_links":{"self":[{"href":"https:\/\/www.vizyon2023.com.tr\/index.php\/wp-json\/wp\/v2\/posts\/1156"}],"collection":[{"href":"https:\/\/www.vizyon2023.com.tr\/index.php\/wp-json\/wp\/v2\/posts"}],"about":[{"href":"https:\/\/www.vizyon2023.com.tr\/index.php\/wp-json\/wp\/v2\/types\/post"}],"author":[{"embeddable":true,"href":"https:\/\/www.vizyon2023.com.tr\/index.php\/wp-json\/wp\/v2\/users\/1000097"}],"replies":[{"embeddable":true,"href":"https:\/\/www.vizyon2023.com.tr\/index.php\/wp-json\/wp\/v2\/comments?post=1156"}],"version-history":[{"count":0,"href":"https:\/\/www.vizyon2023.com.tr\/index.php\/wp-json\/wp\/v2\/posts\/1156\/revisions"}],"wp:featuredmedia":[{"embeddable":true,"href":"https:\/\/www.vizyon2023.com.tr\/index.php\/wp-json\/wp\/v2\/media\/1157"}],"wp:attachment":[{"href":"https:\/\/www.vizyon2023.com.tr\/index.php\/wp-json\/wp\/v2\/media?parent=1156"}],"wp:term":[{"taxonomy":"category","embeddable":true,"href":"https:\/\/www.vizyon2023.com.tr\/index.php\/wp-json\/wp\/v2\/categories?post=1156"},{"taxonomy":"post_tag","embeddable":true,"href":"https:\/\/www.vizyon2023.com.tr\/index.php\/wp-json\/wp\/v2\/tags?post=1156"}],"curies":[{"name":"wp","href":"https:\/\/api.w.org\/{rel}","templated":true}]}}