{"id":1153,"date":"2017-06-24T11:46:39","date_gmt":"2017-06-24T08:46:39","guid":{"rendered":"http:\/\/www.vizyon2023.com.tr\/index.php\/2017\/06\/24\/bayramda-15-milyon-kisi-yollarda-olacak\/"},"modified":"2017-06-24T11:46:39","modified_gmt":"2017-06-24T08:46:39","slug":"bayramda-15-milyon-kisi-yollarda-olacak","status":"publish","type":"post","link":"https:\/\/www.vizyon2023.com.tr\/index.php\/2017\/06\/24\/bayramda-15-milyon-kisi-yollarda-olacak\/","title":{"rendered":"Bayramda 15 milyon ki\u015fi yollarda olacak"},"content":{"rendered":"<p>Ula\u015ft\u0131rma, Denizcilik ve Haberle\u015fme Bakan\u0131 Ahmet Arslan, Ramazan Bayram\u0131 nedeniyle 15 milyona yak\u0131n vatanda\u015f\u0131n yollarda olaca\u011f\u0131n\u0131 belirterek, &#8220;Vatanda\u015flar\u0131m\u0131z bayramda sevdiklerine daha rahat kavu\u015fabilsin diye yo\u011funlu\u011fa kar\u015f\u0131 \u00f6nlemlerimizi ald\u0131k. Bayram tatili s\u00fcresince de Karayollar\u0131 Genel M\u00fcd\u00fcrl\u00fc\u011f\u00fcne (KGM) ba\u011fl\u0131 otoyol ve k\u00f6pr\u00fclerimizden ge\u00e7i\u015fleri \u00fccretsiz hale getirdik.&#8221; dedi.<\/p>\n<p>Arslan, yapt\u0131\u011f\u0131 a\u00e7\u0131klamada, yar\u0131n ba\u015flayacak 4 g\u00fcnl\u00fck Ramazan Bayram\u0131 tatili nedeniyle 15 milyona yak\u0131n vatanda\u015f\u0131n yola \u00e7\u0131kmas\u0131n\u0131 beklediklerini s\u00f6yledi.<\/p>\n<p>Bayramlarda \u00f6zellikle gidi\u015f ve d\u00f6n\u00fc\u015f tarihlerinde trafi\u011fin \u00f6nemli oranda yo\u011funla\u015ft\u0131\u011f\u0131na dikkati \u00e7eken Arslan, \u015f\u00f6yle devam etti:<\/p>\n<p>&#8220;Bakanl\u0131k olarak bayram dolay\u0131s\u0131yla ya\u015fanacak yo\u011funluk nedeniyle kara, deniz, hava ve demiryollar\u0131nda t\u00fcm \u00f6nlemlerimizi ald\u0131k. \u00d6zellikle trafi\u011fin en yo\u011fun oldu\u011fu karayollar\u0131m\u0131zda yap\u0131m \u00e7al\u0131\u015fmalar\u0131na 24-28 Haziran&#8217;da ara verilecek. Trafi\u011fi yo\u011fun tatil b\u00f6lgelerimizde ana g\u00fczergahlarda da ek \u00f6nlemler al\u0131nd\u0131. Otoyollar ba\u015fta olmak \u00fczere, trafik yo\u011funlu\u011fu fazla olan devlet yollar\u0131nda da bak\u0131m ve onar\u0131m gibi \u00e7e\u015fitli nedenlerle kullan\u0131lamayan \u015feritler trafi\u011fe a\u00e7\u0131ld\u0131. Biz, vatanda\u015f\u0131m\u0131z\u0131n yolunu a\u00e7\u0131yoruz ancak tek iste\u011fimiz var, vatanda\u015flar\u0131m\u0131z yollarda dikkatli olsun ve herkes ailesine sa\u011f salim kavu\u015fsun.&#8221;<\/p>\n<p><strong>&#8220;Bayramda 7 havaliman\u0131 37 bin 600 u\u00e7ak a\u011f\u0131rlayacak&#8221;<\/strong><\/p>\n<p>Vatanda\u015flar\u0131n yorgun ve uykusuz yola \u00e7\u0131kmamas\u0131n\u0131, s\u00fcr\u00fcc\u00fclerin cep telefonu ve sigara gibi dikkati da\u011f\u0131tacak \u00f6gelerden ka\u00e7\u0131nmalar\u0131n\u0131 isteyen Arslan, \u00fccretsiz<strong> &#8220;Alo 159&#8221; <\/strong>hatt\u0131ndan yol durumlar\u0131na ili\u015fkin bilgi al\u0131nabilece\u011fini bildirdi.<\/p>\n<p>Arslan, havalimanlar\u0131nda da yo\u011fun bir trafik beklendi\u011fini dile getirerek, bug\u00fcnden ba\u015flayarak 2 Temmuz&#8217;a kadar 7 b\u00fcy\u00fck havaliman\u0131ndan 37 bin 600 u\u00e7a\u011f\u0131n ini\u015f-kalk\u0131\u015f yapmas\u0131n\u0131n beklendi\u011fini s\u00f6yledi.<\/p>\n<p>En yo\u011fun u\u00e7ak ve yolcu trafi\u011finin ger\u00e7ekle\u015fece\u011fi Atat\u00fcrk Havaliman\u0131&#8217;ndan sadece bug\u00fcn bin 511 u\u00e7a\u011f\u0131n ini\u015f ve kalk\u0131\u015f\u0131n\u0131n beklendi\u011fine dikkati \u00e7eken Arslan, &#8220;Yo\u011funlu\u011fun artaca\u011f\u0131 2 Temmuz&#8217;da ise bin 519 u\u00e7a\u011f\u0131n ini\u015f kalk\u0131\u015f yapmas\u0131 planlan\u0131yor. Ayr\u0131ca havayolu \u015firketlerinin talepleri do\u011frultusunda ilave u\u00e7ak seferleri i\u00e7in gerekli \u00f6nlemleri ald\u0131k.&#8221; diye konu\u015ftu.<\/p>\n<p><strong>&#8220;Konya-\u0130stanbul YHT sefer say\u0131s\u0131 6&#8217;ya \u00e7\u0131k\u0131yor&#8221;<\/strong><\/p>\n<p>Arslan, Ramazan Bayram\u0131 dolay\u0131s\u0131yla artan yolcu taleplerinin kar\u015f\u0131lanabilmesi i\u00e7in Y\u00fcksek H\u0131zl\u0131 Tren (YHT) sefer say\u0131s\u0131n\u0131n da art\u0131r\u0131laca\u011f\u0131n\u0131 vurgulayarak, bug\u00fcn, yar\u0131n ve 27 Haziran&#8217;da Ankara-\u0130stanbul, \u0130stanbul-Ankara hatlar\u0131nda kar\u015f\u0131l\u0131kl\u0131 sefer ilave edilece\u011fini s\u00f6yledi. Konyal\u0131lara da m\u00fcjde veren Arslan, &#8220;Artan yolcu talebini kar\u015f\u0131lamak \u00fczere Konya-\u0130stanbul hatt\u0131nda g\u00fcnde 4 olan YHT sefer say\u0131s\u0131n\u0131 6&#8217;ya \u00e7\u0131kar\u0131yoruz. B\u00f6ylece daha \u00f6nce sabah ve ak\u015fam saatlerinde hareket eden YHT&#8217;ler, sabah, \u00f6\u011flen ve ak\u015fam seferleriyle daha rahat bir seyahat imkan\u0131 sunacak. Konya-\u0130stanbul hatt\u0131nda YHT seferlerinin say\u0131s\u0131 bayramdan sonra da 6 olacak ve Konyal\u0131 vatanda\u015flar\u0131m\u0131z daha rahat edecek.&#8221; ifadelerini kulland\u0131.<\/p>\n<p><strong>&#8220;Vatanda\u015flar\u0131m\u0131z aceleci olmas\u0131n&#8221;<\/strong><\/p>\n<p>Arslan, KGM&#8217;nin i\u015fletti\u011fi otoyol ve k\u00f6pr\u00fclerin bayram tatili s\u00fcresince \u00fccretsiz olaca\u011f\u0131n\u0131 belirti.<\/p>\n<p>Vatanda\u015flar\u0131n tatile gidi\u015f ve d\u00f6n\u00fc\u015f g\u00fcnlerinde ayn\u0131 g\u00fcn ve saatte yola \u00e7\u0131kmalar\u0131n\u0131n baz\u0131 g\u00fczergahlarda yol kapasitesinin \u00fcst\u00fcnde trafik yo\u011funlu\u011fu olu\u015fturaca\u011f\u0131na dikkati \u00e7eken Arslan, seyahatlerin g\u00fcn i\u00e7inde uygun saatlere yay\u0131lmas\u0131n\u0131 ve aceleci davran\u0131\u015flardan ka\u00e7\u0131n\u0131lmas\u0131n\u0131 istedi.<\/p>\n","protected":false},"excerpt":{"rendered":"<p>Ula\u015ft\u0131rma, Denizcilik ve Haberle\u015fme Bakan\u0131 Arslan, bayramda 15 milyon ki\u015finin yollarda olaca\u011f\u0131n\u0131, bu nedenle yo\u011funlu\u011fa kar\u015f\u0131 t\u00fcm \u00f6nlemlerin al\u0131nd\u0131\u011f\u0131n\u0131 s\u00f6yledi.<\/p>\n","protected":false},"author":1000097,"featured_media":1154,"comment_status":"open","ping_status":"closed","sticky":false,"template":"","format":"standard","meta":[],"categories":[58],"tags":[],"_links":{"self":[{"href":"https:\/\/www.vizyon2023.com.tr\/index.php\/wp-json\/wp\/v2\/posts\/1153"}],"collection":[{"href":"https:\/\/www.vizyon2023.com.tr\/index.php\/wp-json\/wp\/v2\/posts"}],"about":[{"href":"https:\/\/www.vizyon2023.com.tr\/index.php\/wp-json\/wp\/v2\/types\/post"}],"author":[{"embeddable":true,"href":"https:\/\/www.vizyon2023.com.tr\/index.php\/wp-json\/wp\/v2\/users\/1000097"}],"replies":[{"embeddable":true,"href":"https:\/\/www.vizyon2023.com.tr\/index.php\/wp-json\/wp\/v2\/comments?post=1153"}],"version-history":[{"count":0,"href":"https:\/\/www.vizyon2023.com.tr\/index.php\/wp-json\/wp\/v2\/posts\/1153\/revisions"}],"wp:featuredmedia":[{"embeddable":true,"href":"https:\/\/www.vizyon2023.com.tr\/index.php\/wp-json\/wp\/v2\/media\/1154"}],"wp:attachment":[{"href":"https:\/\/www.vizyon2023.com.tr\/index.php\/wp-json\/wp\/v2\/media?parent=1153"}],"wp:term":[{"taxonomy":"category","embeddable":true,"href":"https:\/\/www.vizyon2023.com.tr\/index.php\/wp-json\/wp\/v2\/categories?post=1153"},{"taxonomy":"post_tag","embeddable":true,"href":"https:\/\/www.vizyon2023.com.tr\/index.php\/wp-json\/wp\/v2\/tags?post=1153"}],"curies":[{"name":"wp","href":"https:\/\/api.w.org\/{rel}","templated":true}]}}