{"id":1134,"date":"2017-06-17T19:14:13","date_gmt":"2017-06-17T16:14:13","guid":{"rendered":"http:\/\/www.vizyon2023.com.tr\/index.php\/2017\/06\/17\/cumhurbaskani-erdogan-macron-ve-al-sani-ile-katari-gorustu\/"},"modified":"2017-06-17T19:14:13","modified_gmt":"2017-06-17T16:14:13","slug":"cumhurbaskani-erdogan-macron-ve-al-sani-ile-katari-gorustu","status":"publish","type":"post","link":"https:\/\/www.vizyon2023.com.tr\/index.php\/2017\/06\/17\/cumhurbaskani-erdogan-macron-ve-al-sani-ile-katari-gorustu\/","title":{"rendered":"Cumhurba\u015fkan\u0131 Erdo\u011fan, Macron ve Al Sani ile &#8216;Katar&#8217;\u0131 g\u00f6r\u00fc\u015ft\u00fc"},"content":{"rendered":"<p>Cumhurba\u015fkan\u0131 Recep Tayyip Erdo\u011fan, Fransa Cumhurba\u015fkan\u0131 Emmanuel Macron ve Katar Emiri \u015eeyh Temim bin Hamed Al Sani, telekonferans arac\u0131l\u0131\u011f\u0131yla K\u00f6rfez \u00fclkeleri ile Katar aras\u0131nda ya\u015fanan gerilimi ele ald\u0131.<\/p>\n<p>Cumhurba\u015fkanl\u0131\u011f\u0131 kaynaklar\u0131ndan edinilen bilgiye g\u00f6re, liderlerin krize \u00e7\u00f6z\u00fcm \u00fcretmek i\u00e7in yapt\u0131klar\u0131 temaslar\u0131 birbirleriyle payla\u015ft\u0131klar\u0131 g\u00f6r\u00fc\u015fmede, b\u00f6lgedeki gerilimin ivedilikle d\u00fc\u015f\u00fcr\u00fclmesi gerekti\u011fi vurguland\u0131.<\/p>\n<p>Liderler, mevcut gerilimin, yapt\u0131r\u0131mlar de\u011fil, ancak diyalog ve m\u00fczakere ile \u00e7\u00f6z\u00fclebilece\u011fine, bu y\u00f6ndeki \u00e7abalar\u0131n desteklenmesi gerekti\u011fine dikkati \u00e7ekti.<\/p>\n<p>Ter\u00f6r\u00fcn her t\u00fcr\u00fcne kar\u015f\u0131 olduklar\u0131n\u0131 ifade eden liderler, keyfi tasarruflara mahal b\u0131rakmayacak bi\u00e7imde ter\u00f6r \u00f6rg\u00fctlerinin net bir \u015fekilde tan\u0131mlanmas\u0131 gerekti\u011fini belirtti.<\/p>\n<p>Liderler, \u00f6n\u00fcm\u00fczdeki s\u00fcre\u00e7te yak\u0131n temas i\u00e7erisinde olma hususunda da mutab\u0131k kald\u0131.<\/p>\n","protected":false},"excerpt":{"rendered":"<p>Cumhurba\u015fkan\u0131 Erdo\u011fan, Fransa Cumhurba\u015fkan\u0131 Macron ve Katar Emiri \u015eeyh Al Sani, telekonferans arac\u0131l\u0131\u011f\u0131yla K\u00f6rfez \u00fclkeleri ile Katar aras\u0131nda ya\u015fanan gerilimi ele ald\u0131.<\/p>\n","protected":false},"author":1000097,"featured_media":1135,"comment_status":"open","ping_status":"closed","sticky":false,"template":"","format":"standard","meta":[],"categories":[85],"tags":[],"_links":{"self":[{"href":"https:\/\/www.vizyon2023.com.tr\/index.php\/wp-json\/wp\/v2\/posts\/1134"}],"collection":[{"href":"https:\/\/www.vizyon2023.com.tr\/index.php\/wp-json\/wp\/v2\/posts"}],"about":[{"href":"https:\/\/www.vizyon2023.com.tr\/index.php\/wp-json\/wp\/v2\/types\/post"}],"author":[{"embeddable":true,"href":"https:\/\/www.vizyon2023.com.tr\/index.php\/wp-json\/wp\/v2\/users\/1000097"}],"replies":[{"embeddable":true,"href":"https:\/\/www.vizyon2023.com.tr\/index.php\/wp-json\/wp\/v2\/comments?post=1134"}],"version-history":[{"count":0,"href":"https:\/\/www.vizyon2023.com.tr\/index.php\/wp-json\/wp\/v2\/posts\/1134\/revisions"}],"wp:featuredmedia":[{"embeddable":true,"href":"https:\/\/www.vizyon2023.com.tr\/index.php\/wp-json\/wp\/v2\/media\/1135"}],"wp:attachment":[{"href":"https:\/\/www.vizyon2023.com.tr\/index.php\/wp-json\/wp\/v2\/media?parent=1134"}],"wp:term":[{"taxonomy":"category","embeddable":true,"href":"https:\/\/www.vizyon2023.com.tr\/index.php\/wp-json\/wp\/v2\/categories?post=1134"},{"taxonomy":"post_tag","embeddable":true,"href":"https:\/\/www.vizyon2023.com.tr\/index.php\/wp-json\/wp\/v2\/tags?post=1134"}],"curies":[{"name":"wp","href":"https:\/\/api.w.org\/{rel}","templated":true}]}}