{"id":1130,"date":"2017-06-17T19:13:06","date_gmt":"2017-06-17T16:13:06","guid":{"rendered":"http:\/\/www.vizyon2023.com.tr\/index.php\/2017\/06\/17\/yuruyeceksen-darbeye-karsi-yuruyeceksin\/"},"modified":"2017-06-17T19:13:06","modified_gmt":"2017-06-17T16:13:06","slug":"yuruyeceksen-darbeye-karsi-yuruyeceksin","status":"publish","type":"post","link":"https:\/\/www.vizyon2023.com.tr\/index.php\/2017\/06\/17\/yuruyeceksen-darbeye-karsi-yuruyeceksin\/","title":{"rendered":"&#8216;Y\u00fcr\u00fcyeceksen darbeye kar\u015f\u0131 y\u00fcr\u00fcyeceksin&#8217;"},"content":{"rendered":"<p>Ba\u015fbakan Y\u0131ld\u0131r\u0131m Diyarbak\u0131r&#8217;da yapt\u0131\u011f\u0131 konu\u015fmada, &#8220;Ge\u00e7en y\u0131l buraya geldi\u011fimizde, &#8216;Bu \u00e7ukurlar\u0131 kazanlar, bu \u00e7ukurda kendilerini yok edecekler, bu \u00e7ukurlara onlar\u0131 g\u00f6mece\u011fiz.&#8217; dedik. \u015eimdi art\u0131k g\u00fcn, bunlar\u0131n verdi\u011fi zararlar\u0131 ortadan kald\u0131rma g\u00fcn\u00fcd\u00fcr. \u015eimdi art\u0131k birlik olma, beraber olma, birlikte T\u00fcrkiye olma zaman\u0131d\u0131r.&#8221; dedi.<\/p>\n<p>Ba\u015fbakan Y\u0131ld\u0131r\u0131m, &#8220;O g\u00fcn (15 Temmuz) meydanlara inmeyen, sokaklarda y\u00fcr\u00fcmeyenler \u015fimdi tutmu\u015flar Ankara&#8217;dan \u0130stanbul&#8217;a y\u00fcr\u00fcyorlar. Y\u00fcr\u00fcyeceksen darbeye kar\u015f\u0131 y\u00fcr\u00fcyeceksin, darbeye kar\u015f\u0131. Adalet sokakta bulunmaz, adalet sokakta aranmaz. Adaletin olaca\u011f\u0131 yer mahkemelerdir.&#8221; dedi.<\/p>\n<p>Ba\u015fbakan Binali Y\u0131ld\u0131r\u0131m konu\u015fmas\u0131n\u0131 \u015f\u00f6yle devam etti, &#8220;Bu ter\u00f6r \u00f6rg\u00fct\u00fc PKK, PYD, YPG bunlar\u0131n hepsi ayn\u0131. Bunlar\u0131n, bu \u00f6rg\u00fctlerin &#8216;K\u00fcrtler&#8217; diye bir sorunu yok. As\u0131l sorun K\u00fcrtlerin, T\u00fcrklerin de sorunu ter\u00f6r \u00f6rg\u00fct\u00fcd\u00fcr, PKK&#8217;d\u0131r, PYD&#8217;dir, YPG&#8217;dir. B\u00fct\u00fcn bunlar\u0131 aram\u0131zdan \u00e7\u0131karmaya yemin ettik, karar verdik. Bu kararl\u0131l\u0131\u011f\u0131m\u0131z da devam ediyor.&#8221;<\/p>\n","protected":false},"excerpt":{"rendered":"<p>Ba\u015fbakan Y\u0131ld\u0131r\u0131m, &#8220;O g\u00fcn meydanlara inmeyen, sokaklarda y\u00fcr\u00fcmeyenler \u015fimdi tutmu\u015flar Ankara&#8217;dan \u0130stanbul&#8217;a y\u00fcr\u00fcyorlar. Y\u00fcr\u00fcyeceksen darbeye kar\u015f\u0131 y\u00fcr\u00fcyeceksin darbeye kar\u015f\u0131&#8221; dedi.<\/p>\n","protected":false},"author":1000097,"featured_media":1131,"comment_status":"open","ping_status":"closed","sticky":false,"template":"","format":"standard","meta":[],"categories":[58],"tags":[],"_links":{"self":[{"href":"https:\/\/www.vizyon2023.com.tr\/index.php\/wp-json\/wp\/v2\/posts\/1130"}],"collection":[{"href":"https:\/\/www.vizyon2023.com.tr\/index.php\/wp-json\/wp\/v2\/posts"}],"about":[{"href":"https:\/\/www.vizyon2023.com.tr\/index.php\/wp-json\/wp\/v2\/types\/post"}],"author":[{"embeddable":true,"href":"https:\/\/www.vizyon2023.com.tr\/index.php\/wp-json\/wp\/v2\/users\/1000097"}],"replies":[{"embeddable":true,"href":"https:\/\/www.vizyon2023.com.tr\/index.php\/wp-json\/wp\/v2\/comments?post=1130"}],"version-history":[{"count":0,"href":"https:\/\/www.vizyon2023.com.tr\/index.php\/wp-json\/wp\/v2\/posts\/1130\/revisions"}],"wp:featuredmedia":[{"embeddable":true,"href":"https:\/\/www.vizyon2023.com.tr\/index.php\/wp-json\/wp\/v2\/media\/1131"}],"wp:attachment":[{"href":"https:\/\/www.vizyon2023.com.tr\/index.php\/wp-json\/wp\/v2\/media?parent=1130"}],"wp:term":[{"taxonomy":"category","embeddable":true,"href":"https:\/\/www.vizyon2023.com.tr\/index.php\/wp-json\/wp\/v2\/categories?post=1130"},{"taxonomy":"post_tag","embeddable":true,"href":"https:\/\/www.vizyon2023.com.tr\/index.php\/wp-json\/wp\/v2\/tags?post=1130"}],"curies":[{"name":"wp","href":"https:\/\/api.w.org\/{rel}","templated":true}]}}