{"id":1110,"date":"2017-06-10T17:03:47","date_gmt":"2017-06-10T14:03:47","guid":{"rendered":"http:\/\/www.vizyon2023.com.tr\/index.php\/2017\/06\/10\/maliye-bakanligindan-mavi-marmara-aciklamasi\/"},"modified":"2017-06-10T17:03:47","modified_gmt":"2017-06-10T14:03:47","slug":"maliye-bakanligindan-mavi-marmara-aciklamasi","status":"publish","type":"post","link":"https:\/\/www.vizyon2023.com.tr\/index.php\/2017\/06\/10\/maliye-bakanligindan-mavi-marmara-aciklamasi\/","title":{"rendered":"Maliye Bakanl\u0131\u011f\u0131ndan &#8216;Mavi Marmara&#8217; a\u00e7\u0131klamas\u0131"},"content":{"rendered":"<p>Maliye Bakanl\u0131\u011f\u0131nca, Mavi Marmara gemisine y\u00f6nelik sald\u0131r\u0131da \u015fehit olanlar\u0131n ailelerinin taleplerinin en k\u0131sa s\u00fcrede kar\u015f\u0131lanmas\u0131na ve kendileriyle yak\u0131n bir isti\u015fare ve i\u015f birli\u011fine \u00f6zel \u00f6nem verildi\u011fi belirtilerek, kendileri ile yak\u0131n bir zamanda yap\u0131lacak g\u00f6r\u00fc\u015fmeler \u00e7er\u00e7evesinde \u00e7al\u0131\u015fmalar\u0131n tamamlanarak gerekli \u00f6demelerin s\u00fcratle yap\u0131lmas\u0131n\u0131n temin edilece\u011fi ve tazminat \u00f6demelerinin yap\u0131lmamas\u0131 veya geciktirilmesi gibi bir yakla\u015f\u0131m\u0131n asla s\u00f6z konusu olmad\u0131\u011f\u0131 bildirildi.<\/p>\n<p>Bakanl\u0131ktan yap\u0131lan yaz\u0131l\u0131 a\u00e7\u0131klamada, d\u00fcn sosyal medyada, bug\u00fcn ise baz\u0131 gazetelerde yer alan ve Gazze halk\u0131na yard\u0131m malzemesi g\u00f6t\u00fcren Mavi Marmara gemisine y\u00f6nelik \u0130srail birlikleri taraf\u0131ndan yap\u0131lan sald\u0131r\u0131 sonucu \u015fehit olan vatanda\u015flar\u0131n yak\u0131nlar\u0131na verilecek tazminat\u0131n Bakanl\u0131k\u00e7a \u00f6denmedi\u011fi ve devam eden davalarda Hazine avukatlar\u0131 taraf\u0131ndan yap\u0131lan savunmalarda uygun olmayan ifadelerin kullan\u0131ld\u0131\u011f\u0131 iddialar\u0131na dikkat \u00e7ekilerek, &#8220;\u00d6ncelikle Mavi Marmara gemisine y\u00f6nelik sald\u0131r\u0131 s\u0131ras\u0131nda hayat\u0131n\u0131 kaybeden b\u00fct\u00fcn vatanda\u015flar\u0131m\u0131za Allah\u2019tan rahmet, kederli ailelerine ba\u015fsa\u011fl\u0131\u011f\u0131 ve sab\u0131r diliyoruz. Ayr\u0131ca ayn\u0131 sald\u0131r\u0131da yaralanan vatanda\u015flar\u0131m\u0131za da \u015fifalar ve sa\u011fl\u0131k temenni ediyoruz.&#8221; ifadesi kullan\u0131ld\u0131.<\/p>\n<p>H\u00fck\u00fcmetin, Mavi Marmara gemisine y\u00f6nelik sald\u0131r\u0131 kar\u015f\u0131s\u0131nda uluslararas\u0131 hukuktan kaynaklanan haklar\u0131 kararl\u0131l\u0131kla savundu\u011fu ve bu \u00e7er\u00e7evede T\u00fcrkiye olarak belirlenen \u015fartlar\u0131n \u0130srail taraf\u0131ndan kabul edilmesinin sa\u011fland\u0131\u011f\u0131 belirtilerek, Mavi Marmara gemisine y\u00f6nelik \u0130srail birlikleri taraf\u0131ndan yap\u0131lan sald\u0131r\u0131 sonucu hayat\u0131n\u0131 kaybeden vatanda\u015flar\u0131n ailelerine verilmek \u00fczere \u0130srail taraf\u0131ndan 20 milyon dolar \u00f6deme yap\u0131lmas\u0131n\u0131n temin edildi\u011fi hat\u0131rlat\u0131ld\u0131.<\/p>\n<p>\u0130srail taraf\u0131ndan yap\u0131lan bu \u00f6demenin ailelere aktar\u0131lmas\u0131n\u0131 sa\u011flamak \u00fczere Adalet Bakanl\u0131\u011f\u0131 ile \u00e7al\u0131\u015fmalar\u0131n m\u00fc\u015ftereken y\u00fcr\u00fct\u00fcld\u00fc\u011f\u00fc vurgulanan a\u00e7\u0131klamada, &#8220;Ailelerce a\u00e7\u0131lan davalarda farkl\u0131 tutarlarda tazminat taleplerinde bulunulmu\u015ftur. Dolay\u0131s\u0131yla, her bir aileye yap\u0131lacak \u00f6deme tutar\u0131n\u0131n belirlenmesi hususunda bir yandan a\u00e7\u0131lan davalardaki talep ve isteklerin tek tek hukuki olarak de\u011ferlendirilmesi di\u011fer yandan ailelerin bu husustaki g\u00f6r\u00fc\u015flerinin de isti\u015fare i\u00e7inde al\u0131n\u0131p nihai ortak bir \u00e7\u00f6z\u00fcme kavu\u015fturulmas\u0131 gerekmektedir. \u00c7al\u0131\u015fmalar\u0131n y\u00fcr\u00fct\u00fclmesinde ailelerin taleplerinin en k\u0131sa s\u00fcrede kar\u015f\u0131lanmas\u0131na ve \u00f6zellikle kendileriyle yak\u0131n bir isti\u015fare ve i\u015f birli\u011fine \u00f6zel \u00f6nem verilmektedir. Kendileriyle yak\u0131n bir zamanda yap\u0131lacak g\u00f6r\u00fc\u015fmeler \u00e7er\u00e7evesinde \u00e7al\u0131\u015fmalar\u0131n tamamlanarak gerekli \u00f6demelerin s\u00fcratle yap\u0131lmas\u0131 temin edilecektir. &#8221; de\u011ferlendirmesine yer verildi.<\/p>\n<p>Hi\u00e7bir \u015fekilde tazminat \u00f6demelerinin yap\u0131lmamas\u0131 veya geciktirilmesi gibi bir yakla\u015f\u0131m\u0131n s\u00f6z konusu olmad\u0131\u011f\u0131 belirtilen a\u00e7\u0131klamada \u015funlar kaydedildi:<\/p>\n<p>&#8220;A\u00e7\u0131lan tazminat davalar\u0131na ili\u015fkin olarak gerekli savunmalar Bakanl\u0131\u011f\u0131m\u0131z avukatlar\u0131nca y\u00fcr\u00fct\u00fclmektedir. \u00c7al\u0131\u015fmalar, s\u00f6z konusu davalar\u0131n hassasiyeti ve \u00f6zel \u00f6nemi g\u00f6z \u00f6n\u00fcnde bulundurularak yerine getirilmektedir. A\u00e7\u0131lan tazminat davalar\u0131nda talep edilen hususlara ili\u015fkin ilgili mevzuat \u00e7er\u00e7evesinde gerekli cevaplar ve a\u00e7\u0131klamalar yetkili mahkemelere sunulmaktad\u0131r. Tazminat hukukuna ili\u015fkin temel yasal d\u00fczenlemeler ile bu konularda olu\u015fmu\u015f genel i\u00e7tihatlar dikkate al\u0131narak izahatlar haz\u0131rlanmaktad\u0131r. Kamuoyuna intikal eden savunmaya ili\u015fkin cevap ve a\u00e7\u0131klamalar\u0131n hukuki bir m\u00fclahaza amac\u0131 g\u00fcd\u00fclerek haz\u0131rland\u0131\u011f\u0131 ancak maksad\u0131n\u0131 a\u015fan ve yanl\u0131\u015f anlamaya mahal verebilecek bir sonucu da istemeden do\u011furdu\u011fu anla\u015f\u0131lmaktad\u0131r. Bakanl\u0131k olarak hi\u00e7bir \u015fekilde hayat\u0131n\u0131 kaybeden vatanda\u015flar\u0131m\u0131z\u0131n ailelerini \u00fczmek veya onlar\u0131 rencide etmek \u015feklinde bir amac\u0131m\u0131z asla s\u00f6z konusu olamaz. S\u00f6z konusu olayla ilgili olarak g\u00f6revliler daha dikkatli olmalar\u0131 ve konunun hassasiyetine uygun \u015fekilde hareket etmeleri konusunda uyar\u0131lm\u0131\u015ft\u0131r. Dolay\u0131s\u0131yla, kamuoyuna olay\u0131n \u00e7ok farkl\u0131 bir \u015fekilde aksettirilmesi ve farkl\u0131 manalara \u00e7ekilerek Bakanl\u0131\u011f\u0131m\u0131z aleyhine haks\u0131z bir kampanyaya d\u00f6n\u00fc\u015ft\u00fcr\u00fclmesi hi\u00e7bir \u015fekilde kabul edemeyece\u011fimiz bir husustur. Netice olarak, Adalet Bakanl\u0131\u011f\u0131 ile m\u00fc\u015ftereken y\u00fcr\u00fctt\u00fc\u011f\u00fcm\u00fcz \u00e7al\u0131\u015fmalar s\u00fcratle nihayete erdirilerek, tazminat \u00f6demelerinin en k\u0131sa s\u00fcrede yap\u0131lmas\u0131 sa\u011flanacakt\u0131r.&#8221;<\/p>\n","protected":false},"excerpt":{"rendered":"<p>Bakanl\u0131k, Mavi Marmara gemisine y\u00f6nelik sald\u0131r\u0131da \u015fehit olanlar\u0131n ailelerine tazminat \u00f6demelerinin yap\u0131lmamas\u0131 gibi bir yakla\u015f\u0131m\u0131n s\u00f6z konusu olmad\u0131\u011f\u0131n\u0131 bildirdi.<\/p>\n","protected":false},"author":1000097,"featured_media":1111,"comment_status":"open","ping_status":"closed","sticky":false,"template":"","format":"standard","meta":[],"categories":[85],"tags":[],"_links":{"self":[{"href":"https:\/\/www.vizyon2023.com.tr\/index.php\/wp-json\/wp\/v2\/posts\/1110"}],"collection":[{"href":"https:\/\/www.vizyon2023.com.tr\/index.php\/wp-json\/wp\/v2\/posts"}],"about":[{"href":"https:\/\/www.vizyon2023.com.tr\/index.php\/wp-json\/wp\/v2\/types\/post"}],"author":[{"embeddable":true,"href":"https:\/\/www.vizyon2023.com.tr\/index.php\/wp-json\/wp\/v2\/users\/1000097"}],"replies":[{"embeddable":true,"href":"https:\/\/www.vizyon2023.com.tr\/index.php\/wp-json\/wp\/v2\/comments?post=1110"}],"version-history":[{"count":0,"href":"https:\/\/www.vizyon2023.com.tr\/index.php\/wp-json\/wp\/v2\/posts\/1110\/revisions"}],"wp:featuredmedia":[{"embeddable":true,"href":"https:\/\/www.vizyon2023.com.tr\/index.php\/wp-json\/wp\/v2\/media\/1111"}],"wp:attachment":[{"href":"https:\/\/www.vizyon2023.com.tr\/index.php\/wp-json\/wp\/v2\/media?parent=1110"}],"wp:term":[{"taxonomy":"category","embeddable":true,"href":"https:\/\/www.vizyon2023.com.tr\/index.php\/wp-json\/wp\/v2\/categories?post=1110"},{"taxonomy":"post_tag","embeddable":true,"href":"https:\/\/www.vizyon2023.com.tr\/index.php\/wp-json\/wp\/v2\/tags?post=1110"}],"curies":[{"name":"wp","href":"https:\/\/api.w.org\/{rel}","templated":true}]}}