{"id":1102,"date":"2017-06-10T17:01:51","date_gmt":"2017-06-10T14:01:51","guid":{"rendered":"http:\/\/www.vizyon2023.com.tr\/index.php\/2017\/06\/10\/basbakan-yildirim-ogrencilerin-karne-sevincine-ortak-oldu\/"},"modified":"2017-06-10T17:01:51","modified_gmt":"2017-06-10T14:01:51","slug":"basbakan-yildirim-ogrencilerin-karne-sevincine-ortak-oldu","status":"publish","type":"post","link":"https:\/\/www.vizyon2023.com.tr\/index.php\/2017\/06\/10\/basbakan-yildirim-ogrencilerin-karne-sevincine-ortak-oldu\/","title":{"rendered":"Ba\u015fbakan Y\u0131ld\u0131r\u0131m \u00f6\u011frencilerin karne sevincine ortak oldu"},"content":{"rendered":"<p>Ankara Cebeci Ortaokulu&#8217;ndaki 2016-2017 e\u011fitim-\u00f6\u011fretim y\u0131l\u0131 d\u00f6nem sonu karne da\u011f\u0131t\u0131m t\u00f6renine kat\u0131lan Binali Y\u0131ld\u0131r\u0131m, burada yapt\u0131\u011f\u0131 konu\u015fmada, \u00f6\u011frenci ve \u00f6\u011fretmenleriyle bir arada bulunmaktan duydu\u011fu memnuniyeti dile getirdi.<\/p>\n<p>Y\u0131ld\u0131r\u0131m, &#8220;Bizim zaman\u0131m\u0131zda okula b\u0131rak\u0131n vali, bakan, ba\u015fbakan sadece ara s\u0131ra m\u00fcfetti\u015f gelirdi. Siz \u015fimdi \u00e7ok \u015fansl\u0131s\u0131n\u0131z. Bakanlar\u0131m\u0131z, ba\u015fbakanlar\u0131m\u0131z, m\u00fcste\u015far\u0131m\u0131z, valilerimiz, belediye ba\u015fkanlar\u0131m\u0131z geliyor, okullarda sizi ziyaret ediyor, sizlerle tan\u0131\u015fma, sohbet etme f\u0131rsat\u0131 buluyor. Ne kadar g\u00fczel bir \u015fey.&#8221; ifadesini kulland\u0131.<\/p>\n<p>Kendisinden \u00f6nce konu\u015fma yapan Milli E\u011fitim Bakan\u0131 \u0130smet Y\u0131lmaz ve Ankara Valisi Ercan Topaca&#8217;n\u0131n e\u011fitime ili\u015fkin bir\u00e7ok rakam verdi\u011fini hat\u0131rlatan Y\u0131ld\u0131r\u0131m, &#8220;Bunlar bir \u015feyi ifade ediyor, T\u00fcrkiye b\u00fcy\u00fcyor, geli\u015fiyor. B\u00fcy\u00fcyen, geli\u015fen T\u00fcrkiye&#8217;nin gelece\u011fi de sizsiniz, \u00f6\u011frencilerimizsiniz, gen\u00e7lerimizsiniz. Size \u00e7ok ama \u00e7ok g\u00fcveniyoruz. \u00c7\u00fcnk\u00fc T\u00fcrkiye&#8217;nin gelece\u011fini size emanet edece\u011fiz.&#8221; diye konu\u015ftu.<\/p>\n<p><strong>&#8220;Tatili de hak ettiniz&#8221;<\/strong><\/p>\n<p>Bir e\u011fitim-\u00f6\u011fretim y\u0131l\u0131n\u0131n daha geride kald\u0131\u011f\u0131n\u0131 belirten Ba\u015fbakan Y\u0131ld\u0131r\u0131m, s\u00f6zlerini \u015f\u00f6yle s\u00fcrd\u00fcrd\u00fc:<\/p>\n<p>&#8220;Karne al\u0131yorsunuz, karne almakla beraber tatili de hak ettiniz. \u015eimdi yaln\u0131z bir \u015fey g\u00f6r\u00fcyorum; biz karne al\u0131ncaya kadar karnemiz elimizde olmazd\u0131, \u015fimdi herkesin elinde karne var, heyecan azal\u0131yor. Her ne kadar ne alaca\u011f\u0131m\u0131z\u0131 tahmin etsek de yine de karne al\u0131rken heyecan doru\u011fa \u00e7\u0131k\u0131yor. O karneyi \u00f6\u011fretmenlerimizin elinden ald\u0131ktan sonra ya \u00e7ok fazla seviniyorduk ya da az seviniyorduk. Onun i\u00e7in siz art\u0131k \u00f6n\u00fcm\u00fczdeki g\u00fcnlerde dinlenmeyi, gezmeyi tozmay\u0131 fazlas\u0131yla hak ediyorsunuz. \u00c7\u00fcnk\u00fc bir \u00f6\u011fretim y\u0131l\u0131 boyunca \u00e7al\u0131\u015ft\u0131n\u0131z, \u00f6devlerinizi yapt\u0131n\u0131z, okulunuza d\u00fczenli geldiniz, \u015fimdi art\u0131k tatil zaman\u0131. Hem \u00f6\u011fretmenlerimiz hem de \u00f6\u011frencilerimiz i\u00e7in \u00e7ok yo\u011fun bir d\u00f6nem ge\u00e7ti art\u0131k bug\u00fcn ara veriyoruz. Buradan T\u00fcrkiye&#8217;nin d\u00f6rt bir yan\u0131nda, Hakkari&#8217;den K\u0131rklareli&#8217;nden Sinop&#8217;tan Hatay&#8217;a yurdun her k\u00f6\u015fesinde e\u011fitim-\u00f6\u011fretim yapan b\u00fct\u00fcn \u00f6\u011fretmenlerimize, \u00f6\u011frencilerimize selam g\u00f6nderiyoruz. Alt\u0131nda\u011f Cebeci Ortaokulu&#8217;ndan 18 milyon \u00f6\u011frencimize, 1 milyon \u00f6\u011fretmenimize selam g\u00f6nderiyoruz. Milyonlarca veliye, anneye, babaya selam g\u00f6nderiyoruz.&#8221;<\/p>\n<p>\u00d6\u011fretmen ve \u00f6\u011frencileri, y\u0131l boyunca g\u00f6sterdikleri gayret ve verdikleri emek i\u00e7in kutlayan Y\u0131ld\u0131r\u0131m, &#8220;(Karnem daha iyi olabilirdi) diyenler olabilir. \u015eimdi diyeceksiniz ki &#8216;Sa\u011fl\u0131k olsun, bir daha ki sene daha iyi olur.&#8217; Olmu\u015f i\u015fe \u00fcz\u00fclmenin bir faydas\u0131 yok, in\u015fallah seneye daha iyi olur. En son i\u015f takdir almaksa takdir almadan sonra bir \u015fey yoksa o zaman takdir alanlar\u0131n da bir \u015fey demesine bir \u015fey yok. Bu y\u0131l yapamad\u0131klar\u0131n\u0131z\u0131, eksik kalanlar\u0131 seneye tamamlars\u0131n\u0131z, kazanmak, ba\u015farmak istersek inan\u0131n \u00f6n\u00fcn\u00fczde hi\u00e7bir engel duramaz.&#8221; tavsiyesinde bulundu.<\/p>\n<p><strong>&#8220;Sizler T\u00fcrkiye&#8217;nin ger\u00e7ekten umudusunuz&#8221;<\/strong><\/p>\n<p>Ba\u015fbakan Y\u0131ld\u0131r\u0131m, Cebeci Ortaokul \u00f6\u011frencilerinin projelerinin yer ald\u0131\u011f\u0131 sergiye i\u015faret ederek, \u015f\u00f6yle konu\u015ftu:<\/p>\n<p>&#8220;Arkada\u015flar\u0131n\u0131z kendi becerileriyle k\u0131t imkanlar\u0131yla bilgisayar program\u0131 yazm\u0131\u015flar, kimisi elektrik \u00fcretiyor, kimisi robotlarla y\u00fck ta\u015f\u0131yor, kimisi gece uyanan bebe\u011fin uyand\u0131\u011f\u0131n\u0131 annesine haber veriyor. \u00c7ok g\u00fczel i\u015fler yapm\u0131\u015flar. Bunlar\u0131 g\u00f6r\u00fcnce T\u00fcrkiye&#8217;nin gelece\u011fine, ayd\u0131nl\u0131k yar\u0131nlar\u0131na olan g\u00fcvenimiz \u00e7ok daha art\u0131yor. \u00c7\u00fcnk\u00fc sizler vars\u0131n\u0131z. Herhangi bir sebeple istedi\u011fi sonucu karnesinde g\u00f6remeyen yavrular\u0131m\u0131z, \u00f6\u011frencilerimiz, hi\u00e7 \u015f\u00fcphe etmiyorum; yeni e\u011fitim, \u00f6\u011fretim y\u0131l\u0131nda bu durumlar\u0131n\u0131 d\u00fczeltecekler, daha g\u00fczel notlar alacaklar. Size her zaman inan\u0131yoruz, g\u00fcveniyoruz. Sizler T\u00fcrkiye&#8217;nin ger\u00e7ekten umudusunuz, gelece\u011fisiniz. Hepinizle gurur duyuyorum.&#8221;<\/p>\n<p>Her yeni e\u011fitim-\u00f6\u011fretim y\u0131l\u0131n\u0131n ba\u015f\u0131nda T\u00fcrkiye&#8217;yi yar\u0131nlara ta\u015f\u0131yacak gen\u00e7lerin \u00f6\u011fretmenlere emanet edildi\u011fini vurgulayan Binali Y\u0131ld\u0131r\u0131m, &#8220;Sizler de y\u0131l boyunca b\u00fcy\u00fck emek, gayret g\u00f6steriyorsunuz, onlar\u0131n en iyi \u015fekilde yeti\u015fmeleri i\u00e7in elinizden geleni yap\u0131yorsunuz. Zaman\u0131 geldi\u011finde \u00fclkemizi bug\u00fcn karne heyecan\u0131 ya\u015fayan evlatlar\u0131m\u0131za teslim edece\u011fimizi \u00e7ok iyi biliyoruz. \u015eu anda sizlerin ellerinde \u015fekillenen sadece bu yavrular\u0131m\u0131z de\u011fil, ayn\u0131 zamanda T\u00fcrkiye&#8217;nin gelece\u011fidir. Her bir \u00f6\u011fretmen arkada\u015f\u0131m\u0131z\u0131n bu \u015fuurla hareket etti\u011fini, buna g\u00f6re \u00e7al\u0131\u015ft\u0131\u011f\u0131n\u0131 biliyorum.&#8221; dedi.<\/p>\n<p><strong>&#8220;Yapamad\u0131m diye babam da k\u0131zd\u0131, att\u0131 beni soka\u011fa&#8221;<\/strong><\/p>\n<p>T\u00fcrkiye&#8217;nin imkanlar\u0131n\u0131n eskiye g\u00f6re daha fazla oldu\u011funu anlatan Ba\u015fbakan Y\u0131ld\u0131r\u0131m, \u015funlar\u0131 kaydetti:<\/p>\n<p>&#8220;O zaman internet, bilgisayar yoktu, ben ilkokulda okurken elektrik de yoktu. Fiske derdik veya idare lambas\u0131yla yer sofras\u0131n\u0131n \u00fczerinde, o az\u0131c\u0131k \u0131\u015f\u0131k, beri taraf\u0131 karanl\u0131k, okuyup \u00f6dev gayret ederdim. Kitap da yok, ders malzemesi hi\u00e7 yok. Babam rahmetli Erzincan&#8217;a gitmi\u015fti, oradan lisede okuyanlar\u0131n kitaplar\u0131ndan bir tanesini alm\u0131\u015f gelmi\u015f, bana soru soruyordu. Havuz problemi, \u015fu kadar musluktan bu kadar su ak\u0131yor, \u015fu kadar delikten de \u015fu kadar su \u00e7\u0131k\u0131yor, iki saat sonra havuzda ne kadar su kal\u0131r? \u0130lkokul \u00fc\u00e7\u00fcnc\u00fc s\u0131n\u0131f \u00f6\u011frencisiyim. Soru bana bak\u0131yor, ben soruya bak\u0131yorum. Daha yeni yeni okumas\u0131n\u0131 \u00f6\u011freniyorum. Yapamad\u0131m diye babam da k\u0131zd\u0131, att\u0131 beni soka\u011fa. &#8216;Kar\u0131n, k\u0131\u015f\u0131n ortas\u0131nda bu kadar emek veriyorum, yaz\u0131klar olsun hala bunu yapamad\u0131n.&#8217; diye. Zavall\u0131 anam tabii ana y\u00fcre\u011fi, d\u0131\u015far\u0131da kar yap\u0131yor, babam yat\u0131nca hemen geldi, ald\u0131 beni i\u00e7eri. \u015eimdi ni\u00e7in bunu anlatt\u0131m, hepimizin, her anan\u0131n, her baban\u0131n en \u00f6nemli hedefi, \u00e7ocuklar\u0131n\u0131n kendilerinden daha iyi yeti\u015fmesi, kendilerinin elde edemedi\u011fi f\u0131rsatlar\u0131 yemezler i\u00e7mezler, yavrular\u0131 i\u00e7in harcarlar, hasrederler. \u00c7\u00fcnk\u00fc onlar\u0131 gelece\u011fe haz\u0131rlamak, onlar i\u00e7in parlak bir gelecek haz\u0131rlamak en \u00f6nemli hedefleridir.&#8221;<\/p>\n","protected":false},"excerpt":{"rendered":"<p>Ba\u015fbakan Y\u0131ld\u0131r\u0131m, &#8220;T\u00fcrkiye b\u00fcy\u00fcyor, geli\u015fiyor. B\u00fcy\u00fcyen, geli\u015fen T\u00fcrkiye&#8217;nin gelece\u011fi de sizsiniz, \u00f6\u011frencilerimizsiniz, gen\u00e7lerimizsiniz. Size \u00e7ok ama \u00e7ok g\u00fcveniyoruz.&#8221;dedi<\/p>\n","protected":false},"author":1000097,"featured_media":1103,"comment_status":"open","ping_status":"closed","sticky":false,"template":"","format":"standard","meta":[],"categories":[85],"tags":[],"_links":{"self":[{"href":"https:\/\/www.vizyon2023.com.tr\/index.php\/wp-json\/wp\/v2\/posts\/1102"}],"collection":[{"href":"https:\/\/www.vizyon2023.com.tr\/index.php\/wp-json\/wp\/v2\/posts"}],"about":[{"href":"https:\/\/www.vizyon2023.com.tr\/index.php\/wp-json\/wp\/v2\/types\/post"}],"author":[{"embeddable":true,"href":"https:\/\/www.vizyon2023.com.tr\/index.php\/wp-json\/wp\/v2\/users\/1000097"}],"replies":[{"embeddable":true,"href":"https:\/\/www.vizyon2023.com.tr\/index.php\/wp-json\/wp\/v2\/comments?post=1102"}],"version-history":[{"count":0,"href":"https:\/\/www.vizyon2023.com.tr\/index.php\/wp-json\/wp\/v2\/posts\/1102\/revisions"}],"wp:featuredmedia":[{"embeddable":true,"href":"https:\/\/www.vizyon2023.com.tr\/index.php\/wp-json\/wp\/v2\/media\/1103"}],"wp:attachment":[{"href":"https:\/\/www.vizyon2023.com.tr\/index.php\/wp-json\/wp\/v2\/media?parent=1102"}],"wp:term":[{"taxonomy":"category","embeddable":true,"href":"https:\/\/www.vizyon2023.com.tr\/index.php\/wp-json\/wp\/v2\/categories?post=1102"},{"taxonomy":"post_tag","embeddable":true,"href":"https:\/\/www.vizyon2023.com.tr\/index.php\/wp-json\/wp\/v2\/tags?post=1102"}],"curies":[{"name":"wp","href":"https:\/\/api.w.org\/{rel}","templated":true}]}}