{"id":1097,"date":"2017-06-01T12:54:58","date_gmt":"2017-06-01T09:54:58","guid":{"rendered":"http:\/\/www.vizyon2023.com.tr\/index.php\/2017\/06\/01\/genelkurmay-baskani-akar-helikopter-kazasiyla-ilgili-bilgi-aldi\/"},"modified":"2017-06-01T12:54:58","modified_gmt":"2017-06-01T09:54:58","slug":"genelkurmay-baskani-akar-helikopter-kazasiyla-ilgili-bilgi-aldi","status":"publish","type":"post","link":"https:\/\/www.vizyon2023.com.tr\/index.php\/2017\/06\/01\/genelkurmay-baskani-akar-helikopter-kazasiyla-ilgili-bilgi-aldi\/","title":{"rendered":"Genelkurmay Ba\u015fkan\u0131 Akar helikopter kazas\u0131yla ilgili bilgi ald\u0131"},"content":{"rendered":"<p>Genelkurmay Ba\u015fkan\u0131 Orgeneral Hulusi Akar&#8217;\u0131n, 13 askerin \u015fehit oldu\u011fu helikopter kazas\u0131n\u0131n ard\u0131ndan beraberindeki kuvvet komutanlar\u0131yla incelemelerde bulunmak \u00fczere \u015e\u0131rnak&#8217;a giderek yetkililerden bilgi ald\u0131\u011f\u0131 duyuruldu.<\/p>\n<p><strong>\u015e\u0131rnak&#8217;ta askeri helikopter d\u00fc\u015ft\u00fc<\/strong><\/p>\n<p>Genelkurmay Ba\u015fkanl\u0131\u011f\u0131ndan yap\u0131lan a\u00e7\u0131klamada, Orgeneral Akar&#8217;\u0131n \u015e\u0131rnak&#8217;taki incelemeleri hakk\u0131nda bilgiye yer verildi.<\/p>\n<p>A\u00e7\u0131klamada, \u015funlar kaydedildi:<\/p>\n<p>&#8220;31 May\u0131s 2017 g\u00fcn\u00fc saat 20.55 sular\u0131nda meydana gelen elim helikopter kazas\u0131n\u0131n ard\u0131ndan, Genelkurmay Ba\u015fkan\u0131 Orgeneral Hulusi Akar, beraberinde Kara Kuvvetleri Komutan\u0131 Orgeneral Salih Zeki \u00c7olak, Deniz Kuvvetleri Komutan\u0131 Oramiral B\u00fclent Bostano\u011flu ve Hava Kuvvetleri Komutan\u0131 Orgeneral Abidin \u00dcnal ile birlikte incelemelerde bulunmak ve \u015fehit cenazelerine kat\u0131lmak \u00fczere 1 Haziran 2017 g\u00fcn\u00fc gece 00.40&#8217;ta \u015e\u0131rnak&#8217;a intikal etmi\u015ftir.<\/p>\n<p>Orgeneral Hulusi Akar ve beraberindeki heyet m\u00fcteakiben \u015e\u0131rnak Devlet Hastanesine giderek yetkililerden kaza hakk\u0131nda bilgi alm\u0131\u015ft\u0131r.&#8221;<\/p>\n","protected":false},"excerpt":{"rendered":"<p>Genelkurmay Ba\u015fkan\u0131 Akar, 13 askerin \u015fehit oldu\u011fu helikopter kazas\u0131n\u0131n ard\u0131ndan beraberindeki kuvvet komutanlar\u0131yla incelemelerde bulunmak \u00fczere \u015e\u0131rnak&#8217;a giderek bilgi ald\u0131.<\/p>\n","protected":false},"author":1000097,"featured_media":1098,"comment_status":"open","ping_status":"closed","sticky":false,"template":"","format":"standard","meta":[],"categories":[85],"tags":[],"_links":{"self":[{"href":"https:\/\/www.vizyon2023.com.tr\/index.php\/wp-json\/wp\/v2\/posts\/1097"}],"collection":[{"href":"https:\/\/www.vizyon2023.com.tr\/index.php\/wp-json\/wp\/v2\/posts"}],"about":[{"href":"https:\/\/www.vizyon2023.com.tr\/index.php\/wp-json\/wp\/v2\/types\/post"}],"author":[{"embeddable":true,"href":"https:\/\/www.vizyon2023.com.tr\/index.php\/wp-json\/wp\/v2\/users\/1000097"}],"replies":[{"embeddable":true,"href":"https:\/\/www.vizyon2023.com.tr\/index.php\/wp-json\/wp\/v2\/comments?post=1097"}],"version-history":[{"count":0,"href":"https:\/\/www.vizyon2023.com.tr\/index.php\/wp-json\/wp\/v2\/posts\/1097\/revisions"}],"wp:featuredmedia":[{"embeddable":true,"href":"https:\/\/www.vizyon2023.com.tr\/index.php\/wp-json\/wp\/v2\/media\/1098"}],"wp:attachment":[{"href":"https:\/\/www.vizyon2023.com.tr\/index.php\/wp-json\/wp\/v2\/media?parent=1097"}],"wp:term":[{"taxonomy":"category","embeddable":true,"href":"https:\/\/www.vizyon2023.com.tr\/index.php\/wp-json\/wp\/v2\/categories?post=1097"},{"taxonomy":"post_tag","embeddable":true,"href":"https:\/\/www.vizyon2023.com.tr\/index.php\/wp-json\/wp\/v2\/tags?post=1097"}],"curies":[{"name":"wp","href":"https:\/\/api.w.org\/{rel}","templated":true}]}}