{"id":1093,"date":"2017-06-01T12:54:01","date_gmt":"2017-06-01T09:54:01","guid":{"rendered":"http:\/\/www.vizyon2023.com.tr\/index.php\/2017\/06\/01\/sirnakta-askeri-helikopter-dustu\/"},"modified":"2017-06-01T12:54:01","modified_gmt":"2017-06-01T09:54:01","slug":"sirnakta-askeri-helikopter-dustu","status":"publish","type":"post","link":"https:\/\/www.vizyon2023.com.tr\/index.php\/2017\/06\/01\/sirnakta-askeri-helikopter-dustu\/","title":{"rendered":"\u015e\u0131rnak&#8217;ta askeri helikopter d\u00fc\u015ft\u00fc"},"content":{"rendered":"<p>\u015e\u0131rnak&#8217;\u0131n Uludere il\u00e7esine ba\u011fl\u0131 \u015eenoba beldesinden havalanan Cougar tipi helikopter k\u0131sa bir s\u00fcre sonra y\u00fcksek gerilim hatt\u0131na tak\u0131larak d\u00fc\u015ft\u00fc.<\/p>\n<p>\u015e\u0131rnak Valili\u011finden yap\u0131lan a\u00e7\u0131klamada, Cougar tipi helikopterin havaland\u0131ktan 3 dakika sonra y\u00fcksek gerilim hatt\u0131na tak\u0131lmas\u0131 sonucu d\u00fc\u015ft\u00fc\u011f\u00fc bildirildi.<\/p>\n<p><strong>TSK: 13 silah arkada\u015f\u0131m\u0131z \u015fehit oldu<\/strong><\/p>\n<p>Genelkurmay Ba\u015fkanl\u0131\u011f\u0131n\u0131n internet sitesinden yap\u0131lan a\u00e7\u0131klamada, \u015e\u0131rnak\/\u015eenoba tugay komutanl\u0131\u011f\u0131ndan kalkan i\u00e7inde 13 personelin bulundu\u011fu AS 532 Cougar tipi helikopterin, kalk\u0131\u015f\u0131ndan k\u0131sa bir s\u00fcre sonra, ilk al\u0131nan bilgilere g\u00f6re, y\u00fcksek gerilim hatlar\u0131na tak\u0131lmas\u0131 sonucunda saat 20.55&#8217;te kaza k\u0131r\u0131ma u\u011frad\u0131\u011f\u0131 bildirildi.<\/p>\n<p>A\u00e7\u0131klamada, &#8220;Olayla ilgili inceleme devam etmektedir. S\u00f6z konusu elim kaza neticesinde, helikopterde bulunan kahraman silah arkada\u015flar\u0131m\u0131z\u0131n \u015fehit oldu\u011fu bilgisi al\u0131nm\u0131\u015ft\u0131r. Bizleri derin bir ac\u0131 ve \u00fcz\u00fcnt\u00fcye bo\u011fan bu elim olayda \u015fehit olan kahraman silah arkada\u015flar\u0131m\u0131za Allah&#8217;tan rahmet, de\u011ferli ailelerine, yak\u0131nlar\u0131na, T\u00fcrk Silahl\u0131 Kuvvetleri ile y\u00fcce T\u00fcrk milletine ba\u015fsa\u011fl\u0131\u011f\u0131 ve sab\u0131r diliyoruz.&#8221; ifadelerine yer verildi.<\/p>\n<p>\u00d6te yandan \u015fehit d\u00fc\u015fen askerlerin cenazesi olay yerinden al\u0131narak ambulanslarla \u015e\u0131rnak&#8217;a getirildi. Cenazeler, \u015e\u0131rnak Devlet Hastanesi morguna kald\u0131r\u0131ld\u0131.<\/p>\n<p><strong>\u015e\u0131rnak&#8217;ta d\u00fc\u015fen askeri helikopterin enkaz\u0131 g\u00f6r\u00fcnt\u00fclendi<\/strong><\/p>\n<p><strong>Erdo\u011fan bilgi ald\u0131<\/strong><\/p>\n<p>Cumhurba\u015fkanl\u0131\u011f\u0131 kaynaklar\u0131, Cumhurba\u015fkan\u0131 Recep Tayyip Erdo\u011fan&#8217;a kazaya ili\u015fkin ilk bilginin, Be\u015ftepe&#8217;de Milli G\u00fcvenlik Kurulu toplant\u0131s\u0131n\u0131n ard\u0131ndan kurul \u00fcyelerine verilen iftar esnas\u0131nda ula\u015ft\u0131\u011f\u0131n\u0131 a\u00e7\u0131klad\u0131.<\/p>\n<p>Helikopterin y\u00fcksek gerilim hatt\u0131na tak\u0131larak d\u00fc\u015fmesiyle meydana gelen elim kazada can kay\u0131plar\u0131 da olmas\u0131ndan derin \u00fcz\u00fcnt\u00fc duyan Cumhurba\u015fkan\u0131 Erdo\u011fan&#8217;\u0131n, \u015fehit askerlere Allah&#8217;tan rahmet diledi\u011fi, Genelkurmay Ba\u015fkan\u0131 Orgeneral Hulusi Akar&#8217;a ba\u015fsa\u011fl\u0131\u011f\u0131 dileklerini iletti\u011fi kaydedildi.<\/p>\n<p><strong>Orgeneral Akar \u015e\u0131rnak&#8217;a gitti<\/strong><\/p>\n<p>Genelkurmay Ba\u015fkan\u0131 Orgeneral Hulusi Akar, askeri helikopterin d\u00fc\u015fmesinin ard\u0131ndan incelemelerde bulunmak \u00fczere b\u00f6lgeye gitti.<\/p>\n<p><strong>\u015eim\u015fek, Soylu ve I\u015f\u0131k \u015e\u0131rnak&#8217;a gitti<\/strong><\/p>\n<p>Milli Savunma Bakan\u0131 Fikri I\u015f\u0131k, Ba\u015fbakan Yard\u0131mc\u0131s\u0131 Mehmet \u015eim\u015fek ve \u0130\u00e7i\u015fleri Bakan\u0131 S\u00fcleyman Soylu da kazan\u0131n ard\u0131ndan \u015e\u0131rnak&#8217;a gitti.<\/p>\n<p><strong>Kurtulmu\u015f: Ac\u0131 haberle y\u00fcre\u011fimize ate\u015f d\u00fc\u015ft\u00fc<\/strong><\/p>\n<p>Ba\u015fbakan Yard\u0131mc\u0131s\u0131 Numan Kurtulmu\u015f, \u015fehit olan askerlerin ailelerine ba\u015fsa\u011fl\u0131\u011f\u0131 diledi.<\/p>\n<p>Kurtulmu\u015f, Twitter&#8217;daki hesab\u0131ndan, &#8220;M\u00fcbarek ramazan ay\u0131nda \u015e\u0131rnak&#8217;tan ald\u0131\u011f\u0131m\u0131z ac\u0131 haberle y\u00fcre\u011fimize ate\u015f d\u00fc\u015ft\u00fc. \u015eehitlerimize Allah&#8217;tan rahmet diliyorum. \u015eehitlerimizin ailelerine, T\u00fcrk Silahl\u0131 Kuvvetleri&#8217;mize ve t\u00fcm milletimize ba\u015fsa\u011fl\u0131\u011f\u0131 diliyorum. Mekanlar\u0131 cennet olsun.&#8221; payla\u015f\u0131m\u0131nda bulundu.<\/p>\n<p>Enerji ve Tabii Kaynaklar Bakan\u0131 Berat Albayrak, Twitter hesab\u0131ndan yapt\u0131\u011f\u0131 payla\u015f\u0131mda, &#8220;\u015e\u0131rnak&#8217;ta helikopter kazas\u0131nda \u015fehit olan askerlerimize Allah&#8217;tan rahmet, ailelerine sabr\u0131 cemil dilerim. Milletimizin ba\u015f\u0131 sa\u011f olsun.&#8221; ifadesini kulland\u0131.<\/p>\n<p>D\u0131\u015fi\u015fleri Bakan\u0131 Mevl\u00fct \u00c7avu\u015fo\u011flu ile Avrupa Birli\u011fi Bakan\u0131 ve Ba\u015fm\u00fczakereci \u00d6mer \u00c7elik de \u015fehit olan 13 askere Allah&#8217;tan rahmet diledi.<\/p>\n<p>Bakan \u00c7avu\u015fo\u011flu, &#8220;\u015e\u0131rnak&#8217;ta d\u00fc\u015fen helikopterde \u015fehit olan kahramanlar\u0131m\u0131z\u0131n ac\u0131s\u0131 y\u00fcre\u011fimizi da\u011flad\u0131. Allah rahmet eylesin, Milletimizin ba\u015f\u0131 sa\u011f olsun.&#8221; mesaj\u0131n\u0131 yazd\u0131.<\/p>\n<p>Bakan \u00c7elik ise \u015fehit olan askerlere Allah&#8217;tan rahmet dileyerek, &#8220;Y\u00fcre\u011fimiz yand\u0131. Ac\u0131m\u0131z \u00e7ok b\u00fcy\u00fck. Mekanlar\u0131 cennet olsun&#8230;&#8221; ifadelerini kulland\u0131.<\/p>\n<p><strong>TBMM Ba\u015fkan\u0131 Kahraman: B\u00fcy\u00fck \u00fcz\u00fcnt\u00fc duydum<\/strong><\/p>\n<p>TBMM Ba\u015fkan\u0131 \u0130smail Kahraman, \u015e\u0131rnak&#8217;ta askeri helikopterin d\u00fc\u015fmesi sonucu \u015fehit olan askerlerin ailelerine ba\u015fsa\u011fl\u0131\u011f\u0131 diledi.<\/p>\n<p>Kahraman, \u015e\u0131rnak&#8217;\u0131n Uludere il\u00e7esine ba\u011fl\u0131 \u015eenoba beldesinde 13 askerin \u015fehit olmas\u0131 nedeniyle yay\u0131mlad\u0131\u011f\u0131 taziye mesaj\u0131nda, &#8220;\u00dclkemizin huzur ve g\u00fcvenli\u011fini sa\u011flamak gayesiyle b\u00f6l\u00fcc\u00fc ter\u00f6r \u00f6rg\u00fct\u00fc mensuplar\u0131na kar\u015f\u0131, kararl\u0131 ve etkili bir m\u00fccadele y\u00fcr\u00fcten silahl\u0131 kuvvetlerimiz mensubu 13 askerimizin, \u015e\u0131rnak&#8217;\u0131n Uludere il\u00e7esine ba\u011fl\u0131 \u015eenoba beldesinde ge\u00e7irdikleri elim bir kaza neticesinde \u015fehit olmalar\u0131ndan b\u00fcy\u00fck \u00fcz\u00fcnt\u00fc duydum.&#8221; ifadelerine yer verdi.<\/p>\n<p>Milletin birlik ve beraberli\u011fini muhafaza etmek, devletin ba\u011f\u0131ms\u0131zl\u0131\u011f\u0131n\u0131 korumak gayesiyle b\u00f6l\u00fcc\u00fc ihanet \u015febekesine kar\u015f\u0131 yurt i\u00e7inde ve yurt d\u0131\u015f\u0131nda gece-g\u00fcnd\u00fcz demeden y\u00fcr\u00fctt\u00fckleri operasyon s\u0131ras\u0131nda \u015fehit olan kahraman askerlere Allah&#8217;tan rahmet dileyen Kahraman, \u015fehitlerin yak\u0131nlar\u0131na ve silahl\u0131 kuvvetlerin t\u00fcm mensuplar\u0131na sabr-\u0131 cemil ve ba\u015fsa\u011fl\u0131\u011f\u0131 diledi.<\/p>\n<p><strong>K\u0131l\u0131\u00e7daro\u011flu: T\u00fcm T\u00fcrkiye&#8217;nin ba\u015f\u0131 sa\u011f olsun<\/strong><\/p>\n<p>\u00d6te yandan CHP Genel Ba\u015fkan\u0131 Kemal K\u0131l\u0131\u00e7daro\u011flu, Twitter hesab\u0131ndan yapt\u0131\u011f\u0131 payla\u015f\u0131mda, &#8220;\u015e\u0131rnak&#8217;ta helikopterin d\u00fc\u015fmesi sonucu \u015fehit olan 13 askerimize Allah&#8217;tan rahmet diliyorum. T\u00fcm T\u00fcrkiye&#8217;nin ba\u015f\u0131 sa\u011f olsun.&#8221; ifadelerini kulland\u0131.<\/p>\n","protected":false},"excerpt":{"rendered":"<p>\u015e\u0131rnak&#8217;\u0131n Uludere il\u00e7esine ba\u011fl\u0131 \u015eenoba beldesinden havalanan Cougar tipi helikopter k\u0131sa bir s\u00fcre sonra y\u00fcksek gerilim hatt\u0131na tak\u0131larak d\u00fc\u015ft\u00fc.<\/p>\n","protected":false},"author":1000097,"featured_media":1094,"comment_status":"open","ping_status":"closed","sticky":false,"template":"","format":"standard","meta":[],"categories":[85],"tags":[],"_links":{"self":[{"href":"https:\/\/www.vizyon2023.com.tr\/index.php\/wp-json\/wp\/v2\/posts\/1093"}],"collection":[{"href":"https:\/\/www.vizyon2023.com.tr\/index.php\/wp-json\/wp\/v2\/posts"}],"about":[{"href":"https:\/\/www.vizyon2023.com.tr\/index.php\/wp-json\/wp\/v2\/types\/post"}],"author":[{"embeddable":true,"href":"https:\/\/www.vizyon2023.com.tr\/index.php\/wp-json\/wp\/v2\/users\/1000097"}],"replies":[{"embeddable":true,"href":"https:\/\/www.vizyon2023.com.tr\/index.php\/wp-json\/wp\/v2\/comments?post=1093"}],"version-history":[{"count":0,"href":"https:\/\/www.vizyon2023.com.tr\/index.php\/wp-json\/wp\/v2\/posts\/1093\/revisions"}],"wp:featuredmedia":[{"embeddable":true,"href":"https:\/\/www.vizyon2023.com.tr\/index.php\/wp-json\/wp\/v2\/media\/1094"}],"wp:attachment":[{"href":"https:\/\/www.vizyon2023.com.tr\/index.php\/wp-json\/wp\/v2\/media?parent=1093"}],"wp:term":[{"taxonomy":"category","embeddable":true,"href":"https:\/\/www.vizyon2023.com.tr\/index.php\/wp-json\/wp\/v2\/categories?post=1093"},{"taxonomy":"post_tag","embeddable":true,"href":"https:\/\/www.vizyon2023.com.tr\/index.php\/wp-json\/wp\/v2\/tags?post=1093"}],"curies":[{"name":"wp","href":"https:\/\/api.w.org\/{rel}","templated":true}]}}