{"id":1089,"date":"2017-05-29T16:04:54","date_gmt":"2017-05-29T13:04:54","guid":{"rendered":"http:\/\/www.vizyon2023.com.tr\/index.php\/2017\/05\/29\/istanbul-turkiyenin-ozetidir\/"},"modified":"2017-05-29T16:04:54","modified_gmt":"2017-05-29T13:04:54","slug":"istanbul-turkiyenin-ozetidir","status":"publish","type":"post","link":"https:\/\/www.vizyon2023.com.tr\/index.php\/2017\/05\/29\/istanbul-turkiyenin-ozetidir\/","title":{"rendered":"&#8216;\u0130stanbul T\u00fcrkiye&#8217;nin \u00f6zetidir&#8217;"},"content":{"rendered":"<p>Cumhurba\u015fkan\u0131 Recep Tayyip Erdo\u011fan, &#8220;\u0130stanbul Protokol\u00fc \u0130ftar\u0131 ve \u0130stanbul&#8217;un Fethinin 564. Y\u0131l\u0131 Kutlamalar\u0131&#8221;nda konu\u015ftu.<\/p>\n<p>Cumhurba\u015fkan\u0131 Erdo\u011fan, &#8220;\u0130stanbul, T\u00fcrkiye&#8217;nin \u00f6zetidir. T\u00fcrkiye&#8217;nin 80 vilayetinin tamam\u0131n\u0131n da \u0130stanbul ile insani ve fiziki ba\u011flant\u0131s\u0131 vard\u0131r. \u00d6yleyse \u0130stanbul&#8217;u anlatmak, T\u00fcrkiye&#8217;yi anlatmakt\u0131r. \u0130stanbul&#8217;a hizmet etmek de T\u00fcrkiye&#8217;ye hizmet etmektir. Biz \u0130stanbul&#8217;dan ald\u0131\u011f\u0131m\u0131z ilhamla di\u011fer 80 \u015fehrimizin tamam\u0131na e\u011fitimden sa\u011fl\u0131\u011fa, ula\u015f\u0131mdan toplu konuta, k\u00fclt\u00fcr sanattan spora ve sosyal yard\u0131mlara kadar her t\u00fcrl\u00fc hizmeti g\u00f6t\u00fcrd\u00fck, g\u00f6t\u00fcr\u00fcyoruz.&#8221; dedi.<\/p>\n<p><strong>&#8220;D\u00fcnya yeniden yap\u0131lanman\u0131n sanc\u0131lar\u0131n\u0131 \u00e7ekiyor&#8221;<\/strong><\/p>\n<p>&#8220;D\u00fcnya yeniden yap\u0131lanman\u0131n sanc\u0131lar\u0131n\u0131 \u00e7ekiyor&#8221; diyen Erdo\u011fan konu\u015fmas\u0131n\u0131 \u015f\u00f6yle s\u00fcrd\u00fcrd\u00fc:<\/p>\n<p>&#8220;T\u00fcrkiye ve onun vitrini olan \u0130stanbul&#8217;a bu s\u00fcre\u00e7te \u00e7ok \u00f6nemli g\u00f6revler d\u00fc\u015f\u00fcyor. Biz bu durumun fark\u0131nda oldu\u011fumuz i\u00e7in demokraside ve ekonomide yeni bir at\u0131l\u0131m d\u00f6neminin haz\u0131rl\u0131klar\u0131n\u0131 yap\u0131yoruz. Bunun i\u00e7in \u00f6ncelikle 2019&#8217;a kadar olan d\u00f6nemi en verimli \u015fekilde kullanmam\u0131z gerekiyor. 2023 hedeflerimiz, bizi muas\u0131r medeniyet seviyesinin \u00fczerine ta\u015f\u0131yacak \u00f6nemli bir e\u015fiktir. Bug\u00fcne kadar oldu\u011fu gibi bundan sonraki hedeflerimizin de lokomotifi yine \u0130stanbul olacakt\u0131r.&#8221;<\/p>\n<p>Erdo\u011fan, &#8220;\u0130n\u015fallah \u00f6n\u00fcm\u00fczdeki d\u00f6nem, bu bak\u0131mdan \u00e7ok \u00f6nemli projeleri hayata ge\u00e7irece\u011fimiz, \u00e7ok \u00f6nemli ad\u0131mlar\u0131 ataca\u011f\u0131m\u0131z bir d\u00f6nem olacakt\u0131r. T\u00fcm bunlar\u0131 sizlerle birlikte ger\u00e7ekle\u015ftirece\u011fiz. Ba\u015far\u0131l\u0131 arkada\u015flar\u0131m\u0131za destek vererek, verim alamad\u0131\u011f\u0131m\u0131z arkada\u015flar\u0131m\u0131z\u0131n yerine yenilerini g\u00f6revlendirerek \u00f6n\u00fcm\u00fczdeki zaman\u0131 en iyi \u015fekilde de\u011ferlendirmenin gayreti i\u00e7inde olaca\u011f\u0131z.&#8221; ifadelerini kulland\u0131.<\/p>\n<p><strong>Kutlamalarda \u0130stanbul&#8217;un Fethi 3 boyutlu g\u00f6steri ile anlat\u0131ld\u0131<\/strong><\/p>\n<p><strong>&#8220;Birileri bu milleti y\u0131kamaman\u0131n sanc\u0131s\u0131n\u0131 \u00e7ekiyor&#8221;<\/strong><\/p>\n<p>Cumhurba\u015fkan\u0131 Erdo\u011fan, &#8220;Bu vatan\u0131n, bu milletin, inan\u0131n sevgi sayg\u0131ya \u00e7ok ihtiyac\u0131 var. Bunu ba\u015fard\u0131\u011f\u0131m\u0131z g\u00fcn, birli\u011fimizi, beraberli\u011fimizi g\u00fc\u00e7lendirdi\u011fimiz g\u00fcn bu milleti kimse y\u0131kamayacakt\u0131r ve zaten birileri de bu milleti y\u0131kamaman\u0131n sanc\u0131s\u0131n\u0131 \u00e7ekiyor.&#8221; \u015feklinde konu\u015ftu.<\/p>\n<p>Erdo\u011fan: &#8220;\u00d6zellikle FET\u00d6, DEA\u015e ve PKK ba\u015fta olmak \u00fczere ter\u00f6r \u00f6rg\u00fctlerinin bu \u015fehre (\u0130stanbul) verdikleri zararlar\u0131 ortadan kald\u0131racak, onlar\u0131 bir daha bu \u015fehre el uzatamayacak hale getirecek \u00e7al\u0131\u015fmalar\u0131 s\u00fcratle tamamlayaca\u011f\u0131z.&#8221; dedi.<\/p>\n","protected":false},"excerpt":{"rendered":"<p>Cumhurba\u015fkan\u0131 Recep Tayyip Erdo\u011fan, &#8220;\u0130stanbul Protokol\u00fc \u0130ftar\u0131 ve \u0130stanbul&#8217;un Fethinin 564. Y\u0131l\u0131 Kutlamalar\u0131&#8221;nda konu\u015ftu.<\/p>\n","protected":false},"author":1000097,"featured_media":1090,"comment_status":"open","ping_status":"closed","sticky":false,"template":"","format":"standard","meta":[],"categories":[85],"tags":[],"_links":{"self":[{"href":"https:\/\/www.vizyon2023.com.tr\/index.php\/wp-json\/wp\/v2\/posts\/1089"}],"collection":[{"href":"https:\/\/www.vizyon2023.com.tr\/index.php\/wp-json\/wp\/v2\/posts"}],"about":[{"href":"https:\/\/www.vizyon2023.com.tr\/index.php\/wp-json\/wp\/v2\/types\/post"}],"author":[{"embeddable":true,"href":"https:\/\/www.vizyon2023.com.tr\/index.php\/wp-json\/wp\/v2\/users\/1000097"}],"replies":[{"embeddable":true,"href":"https:\/\/www.vizyon2023.com.tr\/index.php\/wp-json\/wp\/v2\/comments?post=1089"}],"version-history":[{"count":0,"href":"https:\/\/www.vizyon2023.com.tr\/index.php\/wp-json\/wp\/v2\/posts\/1089\/revisions"}],"wp:featuredmedia":[{"embeddable":true,"href":"https:\/\/www.vizyon2023.com.tr\/index.php\/wp-json\/wp\/v2\/media\/1090"}],"wp:attachment":[{"href":"https:\/\/www.vizyon2023.com.tr\/index.php\/wp-json\/wp\/v2\/media?parent=1089"}],"wp:term":[{"taxonomy":"category","embeddable":true,"href":"https:\/\/www.vizyon2023.com.tr\/index.php\/wp-json\/wp\/v2\/categories?post=1089"},{"taxonomy":"post_tag","embeddable":true,"href":"https:\/\/www.vizyon2023.com.tr\/index.php\/wp-json\/wp\/v2\/tags?post=1089"}],"curies":[{"name":"wp","href":"https:\/\/api.w.org\/{rel}","templated":true}]}}