{"id":1046,"date":"2017-03-13T04:21:14","date_gmt":"2017-03-13T02:21:14","guid":{"rendered":"http:\/\/www.vizyon2023.com.tr\/?p=1046"},"modified":"2017-03-13T04:21:14","modified_gmt":"2017-03-13T02:21:14","slug":"tum-uluslararasi-kuruluslari-hollandaya-karsi-yaptirim-uygulamaya-davet-ediyorum","status":"publish","type":"post","link":"https:\/\/www.vizyon2023.com.tr\/index.php\/2017\/03\/13\/tum-uluslararasi-kuruluslari-hollandaya-karsi-yaptirim-uygulamaya-davet-ediyorum\/","title":{"rendered":"T\u00dcM ULUSLARARASI KURULU\u015eLARI HOLLANDA\u2019YA KAR\u015eI YAPTIRIM UYGULAMAYA DAVET ED\u0130YORUM"},"content":{"rendered":"<p>Kocaeli\u2019de yap\u0131m\u0131 tamamlanan tesislerin toplu a\u00e7\u0131l\u0131\u015f t\u00f6reninde konu\u015fan Cumhurba\u015fkan\u0131 Erdo\u011fan, \u201cHollanda; kendini hem AB de\u011ferlerine hem de k\u00fcresel demokratik kabullere s\u0131\u011fmayan, ancak fa\u015fist y\u00f6netimlerde g\u00f6r\u00fclebilecek bir konuma d\u00fc\u015f\u00fcrm\u00fc\u015ft\u00fcr. Meselenin 16 Nisan halk oylamas\u0131n\u0131n \u00f6tesinde bir anlama sahip oldu\u011fu a\u00e7\u0131k\u00e7a ortadad\u0131r. Avrupa k\u0131tas\u0131 T\u00fcrk d\u00fc\u015fmanl\u0131\u011f\u0131, M\u00fcsl\u00fcman d\u00fc\u015fmanl\u0131\u011f\u0131, \u0130slam kar\u015f\u0131tl\u0131\u011f\u0131 hastal\u0131klar\u0131n\u0131n pen\u00e7esinde inlemektedir\u201d dedi<\/p>\n<p>Cumhurba\u015fkan\u0131 Recep Tayyip Erdo\u011fan Kocaeli\u2019nde yap\u0131m\u0131 tamamlanan hizmet ve tesislerin toplu a\u00e7\u0131l\u0131\u015f t\u00f6renine kat\u0131ld\u0131. Per\u015fembe Pazaryeri meydan\u0131nda d\u00fczenlenen t\u00f6rende, Enerji ve Tabii Kaynaklar Bakan\u0131 Berat Albayrak, Mill\u00ee Savunma Bakan\u0131 Fikri I\u015f\u0131k ve baz\u0131 milletvekilleri de haz\u0131r bulundu. Vatanda\u015flar\u0131n da yo\u011fun bir kat\u0131l\u0131mla i\u015ftirak etti\u011fi t\u00f6rende Cumhurba\u015fkan\u0131 Erdo\u011fan bir konu\u015fma yapt\u0131.<\/p>\n<p>Kocaelililerle \u00f6zlem gidermenin, kucakla\u015fman\u0131n memnuniyeti i\u00e7inde oldu\u011funu belirterek konu\u015fmas\u0131na ba\u015flayan Cumhurba\u015fkan\u0131 Erdo\u011fan, 1999\u2019daki depremden sonra adeta yeniden in\u015fa edilen Kocaeli\u2019nin yaralar\u0131n\u0131 sarmakla kalmay\u0131p ekonomide, altyap\u0131da, istihdamda, sosyal ve k\u00fclt\u00fcrel faaliyetlerde ula\u015ft\u0131\u011f\u0131 seviyenin bizzat \u015fahidi oldu\u011funu ve son 14 y\u0131lda Kocaeli\u2019nin \u015faha kalkt\u0131\u011f\u0131n\u0131 belirtti ve \u201cBu \u015fehrimizin g\u00f6sterdi\u011fi ba\u015far\u0131da bakanlar\u0131yla, milletvekilleriyle, belediye ba\u015fkanlar\u0131yla, valileriyle uyum i\u00e7inde \u00f6rnek bir ekip \u00e7al\u0131\u015fmas\u0131 y\u00fcr\u00fctmesinin b\u00fcy\u00fck bir pay\u0131 vard\u0131r\u201d diye konu\u015ftu.<\/p>\n<p><img loading=\"lazy\" class=\"alignnone size-full wp-image-1048\" src=\"http:\/\/www.vizyon2023.com.tr\/wp-content\/uploads\/2017\/03\/yi-20170312-kocaeli-09-acilis.jpg\" alt=\"yi-20170312-kocaeli-09-acilis\" width=\"810\" height=\"550\" \/><\/p>\n<p>\u201c14 YILDA KOCAEL\u0130\u2019NE 20 M\u0130LYAR L\u0130RA YATIRIM YAPILDI\u201d<\/p>\n<p>15 Temmuz darbe giri\u015fimi sonras\u0131nda \u00fclkenin mill\u00ee savunmas\u0131n\u0131 yeniden yap\u0131land\u0131rarak, kuvvet komutanl\u0131klar\u0131n\u0131, harp okullar\u0131n\u0131, ve savunma sanayiini Mill\u00ee Savunma Bakanl\u0131\u011f\u0131na ba\u011flad\u0131klar\u0131n\u0131, harp okullar\u0131n\u0131 Mill\u00ee Savunma \u00dcniversitesi alt\u0131nda yeniden te\u015fekk\u00fcl ettirdiklerini hat\u0131rlatan Cumhurba\u015fkan\u0131 Erdo\u011fan, 13 \u015eubat\u2019ta yeni yap\u0131s\u0131yla Hava Harp Okulunun a\u00e7\u0131l\u0131\u015f\u0131ndan sonra yar\u0131n da Kara ve Deniz Harp Okullar\u0131n\u0131n faaliyete ba\u015flayaca\u011f\u0131n\u0131, bakanl\u0131\u011f\u0131n organizasyonuyla TSK i\u00e7in subay, astsubay, s\u00f6zle\u015fmeli er ve askeri \u00f6\u011frenci olarak 30 bin yeni personelin al\u0131naca\u011f\u0131n\u0131 a\u00e7\u0131klad\u0131.<\/p>\n<p>\u015eehirde in\u015faatlar\u0131 devam eden tramvay hatt\u0131, \u015fehir hastanesi ve stadyum projelerine de\u011finerek, ge\u00e7en 14 y\u0131lda Kocaeli\u2019ne 20 milyar lira yat\u0131r\u0131m yap\u0131ld\u0131\u011f\u0131n\u0131 ve \u015fehrin devam eden projelerle \u00e7ok daha ileri bir seviyeye \u00e7\u0131kaca\u011f\u0131n\u0131 ifade eden Cumhurba\u015fkan\u0131 Erdo\u011fan, toplu a\u00e7\u0131l\u0131\u015f t\u00f6reni yap\u0131lan 286 hizmet ve tesisin 1 milyar 352 milyon lira oldu\u011funu aktard\u0131.<\/p>\n<p>\u201cULUSLARARASI HUKUKTA B\u00dcY\u00dcKEL\u00c7\u0130L\u0130KLER, KONSOLOSLUKLAR O \u00dcLKELER\u0130N KEND\u0130 TOPRAKLARIDIR\u201d<\/p>\n<p>Hollanda\u2019n\u0131n D\u0131\u015fi\u015fleri Bakan\u0131 Mevl\u00fct \u00c7avu\u015fo\u011flu\u2019nun u\u00e7a\u011f\u0131n\u0131n u\u00e7u\u015f iznini iptal etmesini ve Aile ve Sosyal Politikalar Bakan\u0131 Fatma Bet\u00fcl sayan Kaya\u2019n\u0131n T\u00fcrkiye Konsolosluk binas\u0131na girmesini engellemesini hat\u0131rlatarak de\u011ferlendirmelerde bulunan Cumhurba\u015fkan\u0131 Erdo\u011fan, \u201cUluslararas\u0131 hukukta b\u00fcy\u00fckel\u00e7ilikler, konsolosluklar o \u00fclkelerin kendi topraklar\u0131d\u0131r. Yani \u015fu anda Hollanda\u2019daki B\u00fcy\u00fckel\u00e7ilik de, Konsolosluk da bizim topra\u011f\u0131m\u0131zd\u0131r. D\u00fc\u015f\u00fcnebiliyor musunuz, kap\u0131y\u0131 a\u00e7m\u0131yorlar, i\u00e7eriden konsolosu d\u0131\u015far\u0131 \u00e7\u0131kartm\u0131yorlar ve bakan\u0131m\u0131z\u0131 oraya g\u00f6ndermiyorlar. Bunu yapan kim? Hollanda. Kim bu? Avrupa Birli\u011fi \u00fcyesi. Senin her yerin Avrupa Birli\u011fi \u00fcyesi olsa ne yazar? Sen \u00f6nce uluslararas\u0131 hukuku \u00f6\u011fren, demokrasi nedir onu \u00f6\u011fren. Yeri geldi\u011fi zaman T\u00fcrkiye\u2019ye demokrasi dersi vermek isteyenler, \u00f6nce bunu \u00f6\u011frenin\u201d dedi.<\/p>\n<p>\u00d6n\u00fcm\u00fczdeki \u00c7ar\u015famba g\u00fcn\u00fc Hollanda\u2019da se\u00e7im olaca\u011f\u0131na ve Hollandal\u0131 yetkililerin, \u0131rk\u00e7\u0131l\u0131k yaparak oy toplayacaklar\u0131n\u0131 zannettiklerine i\u015faret eden Cumhurba\u015fkan\u0131 Erdo\u011fan, Hollanda\u2019da ve di\u011fer Avrupa \u00fclkelerinde ya\u015fayan T\u00fcrk vatanda\u015flar\u0131na hitaben, \u201cNe yapaca\u011f\u0131n\u0131z\u0131 biliyorsunuz de\u011fil mi? Gere\u011fini nas\u0131l yapaca\u011f\u0131n\u0131z\u0131 biliyorsunuz de\u011fil mi? \u015eu anda Hollanda\u2019da ekranlar\u0131 ba\u015f\u0131nda bizi oradaki vatanda\u015flar\u0131m\u0131z izliyor, Almanya izliyor, Bel\u00e7ika izliyor, \u0130skandinav \u00fclkeleri izliyor; hepsine sesleniyorum; ne yapaca\u011f\u0131n\u0131z\u0131 biliyorsunuz de\u011fil mi? T\u00fcrkiye d\u00fc\u015fmanlar\u0131na kar\u015f\u0131, Cumhurba\u015fkan\u0131n\u0131za d\u00fc\u015fmanl\u0131k yapanlara kar\u015f\u0131 orada ne yapaca\u011f\u0131n\u0131z\u0131 biliyorsunuz de\u011fil mi? Kullanacaklar\u0131 oylar\u0131 nas\u0131l de\u011ferlendireceklerini o karde\u015flerim \u00e7ok iyi biliyorlar\u201d s\u00f6zleriyle seslendi.<\/p>\n<p>\u201cHOLLANDA\u2019DA YA\u015eANAN HAD\u0130SE D\u0130PLOMAS\u0130N\u0130N, ULUSLARARASI HUKUKUN AYAKLAR ALTINA ALINMASIDIR\u201d<\/p>\n<p>Hi\u00e7bir \u00fclkenin, bakan\u0131 bir yana, herhangi bir vatanda\u015f\u0131n\u0131n dahi hi\u00e7bir gerek\u00e7e g\u00f6sterilmeksizin bu tarz muamelelere maruz b\u0131rak\u0131lmas\u0131n\u0131n asla kabul edilemez oldu\u011funu vurgulayan Cumhurba\u015fkan\u0131 Erdo\u011fan, \u015funlar\u0131 s\u00f6yledi: \u201cHollanda polisi daha da ileri giderek bu durumu protesto eden vatanda\u015flar\u0131m\u0131z\u0131n \u00fczerine atlar\u0131yla, itleriyle sald\u0131rarak demokratik haklar\u0131n\u0131 kullanmak d\u0131\u015f\u0131nda talepleri olmayan insanlar\u0131 darp etmi\u015ftir. Gazetecileri darp etmi\u015ftir, yerlere yat\u0131rm\u0131\u015ft\u0131r. Bir s\u00fcredir Almanya ba\u015fta olmak \u00fczere hemen t\u00fcm Avrupa \u00fclkelerinde benzer zorluklarla kar\u015f\u0131la\u015f\u0131yoruz. Bug\u00fcn \u00e7\u0131km\u0131\u015f Hollanda Ba\u015fbakan\u0131 a\u00e7\u0131klama yap\u0131yor; \u2018T\u00fcrkiye\u2019yle ili\u015fkilerimizi d\u00fczeltece\u011fiz.\u2019 Neyi d\u00fczeltiyorsun? Dur bakal\u0131m dur, daha sen bedel \u00f6demedin, dur. \u00d6nce bunun hesab\u0131n\u0131 vereceksin. Sen benim bir bayan bakan\u0131m\u0131 orada akla hayale gelmez \u015fekilde edepsizce ona davran\u0131rsan bunun hesab\u0131n\u0131 vereceksin. Benim vatanda\u015flar\u0131m\u0131n \u00fczerine at-it s\u00fcrersen bunun hesab\u0131n\u0131 vereceksin. Dolay\u0131s\u0131yla \u00f6yle T\u00fcrkiye hakk\u0131nda bilmem ne raporu haz\u0131rlamak filan; ge\u00e7 o i\u015fleri. Biz bize yeteriz, bize bu millet yeter, bize Allah yeter, bizim ad\u0131m\u0131m\u0131z bu.\u201d<\/p>\n<p>D\u00fcn ak\u015fam Ba\u015fbakan Binali Y\u0131ld\u0131r\u0131m\u2019\u0131n geli\u015fmelerle ilgili arad\u0131\u011f\u0131 Hollanda Ba\u015fbakan\u0131n\u0131n \u2018\u00c7ar\u015famba g\u00fcn\u00fc se\u00e7im var, burada s\u0131k\u0131nt\u0131l\u0131 durum var, herhangi bir \u015fey yapamay\u0131z, Bakan buray\u0131 terk etsin.\u2019 dedi\u011fini aktaran Cumhurba\u015fkan\u0131 Erdo\u011fan, \u201cT\u00fcrkiye gibi bir \u00fclkenin Ba\u015fbakan\u0131 ar\u0131yor, verdi\u011fi cevaba bak. G\u00fcn ola harman ola. \u015eu anda biz sab\u0131rl\u0131y\u0131z ve sab\u0131rla bu i\u015fin \u00fczerine giderek bu i\u015fin hesab\u0131n\u0131 soraca\u011f\u0131z. \u00d6yle bu burada kalmaz. Hollanda\u2019da ya\u015fanan hadise diplomasinin, uluslararas\u0131 hukukun, team\u00fcllerin, nezaketin ayaklar alt\u0131na al\u0131nmas\u0131d\u0131r.\u201d de\u011ferlendirmesinde bulundu.<\/p>\n<p><img loading=\"lazy\" class=\"alignnone size-full wp-image-1050\" src=\"http:\/\/www.vizyon2023.com.tr\/wp-content\/uploads\/2017\/03\/yi-20170312-kocaeli-20-acilis.jpg\" alt=\"yi-20170312-kocaeli-20-acilis\" width=\"843\" height=\"550\" \/><\/p>\n<p>\u201cHOLLANDA, AVRUPA B\u0130RL\u0130\u011e\u0130 \u00dcYES\u0130 B\u0130R HUKUK DEVLET\u0130 G\u0130B\u0130 DE\u011e\u0130L, B\u0130R MUZ CUMHUR\u0130YET\u0130 G\u0130B\u0130 DAVRANMI\u015eTIR\u201d<\/p>\n<p>Cumhurba\u015fkan\u0131 Erdo\u011fan, ya\u015fanan geli\u015fmelerle ilgili Avrupa\u2019dan ses \u00e7\u0131kmad\u0131\u011f\u0131na dikkat \u00e7ekti ve devam\u0131nda \u015f\u00f6yle konu\u015ftu: \u201cBunlar birbirini \u0131s\u0131rmaz, ayn\u0131d\u0131rlar. Hollanda, Avrupa Birli\u011fi \u00fcyesi bir hukuk devleti gibi de\u011fil, bir muz cumhuriyeti gibi davranm\u0131\u015ft\u0131r. Y\u0131llarca T\u00fcrkiye\u2019ye insan haklar\u0131, hukuk, demokrasi nutuklar\u0131 \u00e7ekenlerin kendilerinin asl\u0131nda bu de\u011ferlerden ne kadar uzak oldu\u011funu t\u00fcm d\u00fcnya g\u00f6rd\u00fc. \u015eimdi yapt\u0131klar\u0131 terbiyesizli\u011fe k\u0131l\u0131flar uydurmaya \u00e7al\u0131\u015f\u0131yorlar. Ne s\u00f6ylerlerse s\u00f6ylesinler, m\u0131zrak \u00e7uvala s\u0131\u011fmaz, yap\u0131lan i\u015fin ad\u0131 bir skandald\u0131r. Hollanda bu terbiyesizli\u011finin bedelini mutlaka \u00f6deyecektir. Buradan Avrupa Birli\u011fi organlar\u0131n\u0131 ve demokrasiyi, insan haklar\u0131n\u0131, hukuk devletini koruma misyonuyla \u00e7al\u0131\u015fan t\u00fcm uluslararas\u0131 kurulu\u015flar\u0131 Hollanda\u2019ya kar\u015f\u0131 seslerini y\u00fckseltmeye hatta yapt\u0131r\u0131m uygulamaya davet ediyorum. Sabah 4,5\u2019a kadar telefonum durmad\u0131, s\u00fcrekli arad\u0131m, Fatma Bet\u00fcl karde\u015fime \u2018devaml\u0131 arayacaks\u0131n\u2019 dedim. D\u00fc\u015f\u00fcn\u00fcn benim bakan\u0131m, araba da diplomatik bir araba, araban\u0131n i\u00e7erisinde mahk\u00fbm. Ondan sonra da \u2018e\u011fer buradan bizim tayin edece\u011fimiz arabaya binmezseniz buradan \u00e7ekiciyle al\u0131p g\u00f6t\u00fcrece\u011fiz\u2019 diyorlar, \u015fu vah\u015fete bak\u0131n. Bu \u00fclke kendini hem Avrupa Birli\u011fi de\u011ferlerine, hem de k\u00fcresel demokratik kabullere s\u0131\u011fmayan, ancak fa\u015fist y\u00f6netimlerde g\u00f6r\u00fclebilecek bir konuma d\u00fc\u015f\u00fcrm\u00fc\u015ft\u00fcr.\u201d<\/p>\n<p>Meselenin, 16 Nisan halkoylamas\u0131n\u0131n \u00f6tesinde bir anlam ta\u015f\u0131d\u0131\u011f\u0131n\u0131n a\u00e7\u0131k\u00e7a ortada oldu\u011funu, Avrupa\u2019n\u0131n T\u00fcrk d\u00fc\u015fmanl\u0131\u011f\u0131, M\u00fcsl\u00fcman d\u00fc\u015fmanl\u0131\u011f\u0131, \u0130slam kar\u015f\u0131tl\u0131\u011f\u0131 hastal\u0131klar\u0131n\u0131n pen\u00e7esinde inledi\u011fini dile getiren Cumhurba\u015fkan\u0131 Erdo\u011fan, \u201cIrk\u00e7\u0131 partilerin ve \u0131rk\u00e7\u0131 s\u00f6ylemlerin giderek y\u00fckselmesi Avrupa\u2019n\u0131n gelece\u011fini tehdit ediyor. Birinci ve \u0130kinci D\u00fcnya Sava\u015flar\u0131nda kaybedilen on milyonlarca insandan, ya\u015fanan derin ac\u0131lardan gereken derslerin hala \u00e7\u0131kart\u0131lmad\u0131\u011f\u0131n\u0131 \u00fcz\u00fcnt\u00fcyle m\u00fc\u015fahede ediyoruz. Biz kendi medeniyetimizin, k\u00fclt\u00fcr\u00fcm\u00fcz\u00fcn ve tarihimizin bize tavsiye etti\u011fi \u015fekilde insan \u00f6ncelikli, ya\u015fatma \u00f6ncelikli duru\u015fumuzu sonuna kadar s\u00fcrd\u00fcrece\u011fiz. Avrupa genelinde 6,5 milyon ya\u015fayan \u00fclkemiz k\u00f6kenli insan\u0131m\u0131zla bu k\u0131tada var olmakta, ya\u015famakta, kendimize bir gelecek kurmakta kararl\u0131y\u0131z. Avrupal\u0131 dostlar\u0131m\u0131zdan \u0131rk\u00e7\u0131l\u0131\u011f\u0131 ve \u0130slam d\u00fc\u015fmanl\u0131\u011f\u0131n\u0131 bir kenara b\u0131rakarak ortak gelece\u011fimiz konusunda neler yapabilece\u011fimizi, konu\u015fabilece\u011fimiz bir iklimin tesisi i\u00e7in \u00e7al\u0131\u015fmalar\u0131 bekliyoruz\u201d \u015feklinde konu\u015ftu.<\/p>\n<p>\u201cKEND\u0130LER\u0130N\u0130 M\u0130LLET\u0130M\u0130Z\u0130N \u0130DARES\u0130N\u0130N \u00dcZER\u0130NDE G\u00d6RENLER, 12 MART\u2019TA B\u0130R KEZ DAHA SAHNEYE \u00c7IKMI\u015eLARDI\u201d<\/p>\n<p>\u0130stiklal Mar\u015f\u0131n\u0131n kabul edili\u015finin 95\u2019inci y\u0131ld\u00f6n\u00fcm\u00fc oldu\u011funa i\u015faret ederek, 15 Temmuz\u2019da T\u00fcrk milletinin yeni bir \u0130stiklal Mar\u015f\u0131 yazmad\u0131\u011f\u0131n\u0131; ancak gerekti\u011finde \u0130stiklal Mar\u015f\u0131\u2019n\u0131n ifade etti\u011fi ruhu diriltme konusunda en k\u00fc\u00e7\u00fck bir teredd\u00fctte bulunmayaca\u011f\u0131n\u0131 g\u00f6sterdi\u011fini kaydeden Cumhurba\u015fkan\u0131 Erdo\u011fan, \u201cYurdumuzun \u00fcst\u00fcnde t\u00fcten en son ocak s\u00f6nmeden kimsenin bayra\u011f\u0131m\u0131za, ezan\u0131m\u0131za, \u00f6zg\u00fcrl\u00fc\u011f\u00fcm\u00fcze, gelece\u011fimize el uzatamayaca\u011f\u0131n\u0131 15 Temmuz gecesi yedi d\u00fcvele g\u00f6sterdik. Ben bu milletin bir ferdi olmaktan, Cumhurba\u015fkanlar\u0131 olmaktan, evlad\u0131 olmaktan Rabbime ne kadar hamt etsem azd\u0131r\u201d diye ekledi.<\/p>\n<p>12 Mart tarihinin \u0130stiklal Mar\u015f\u0131n\u0131n kabul\u00fcn\u00fcn yan\u0131 s\u0131ra, \u00fclkenin utan\u00e7 g\u00fcnlerinden birinin, T\u00fcrk demokrasisinin \u00fczerinde kara bir leke olan 12 Mart muht\u0131ras\u0131n\u0131n tarihi oldu\u011funu hat\u0131rlatan Cumhurba\u015fkan\u0131 Erdo\u011fan, \u201cKendilerini milletimizin idaresinin, tercihlerinin, halk\u0131n yetki verdiklerinin \u00fczerinde g\u00f6renler 12 Mart\u2019ta bir kez daha sahneye \u00e7\u0131km\u0131\u015flard\u0131. 1969 se\u00e7imleri sonras\u0131nda ya\u015fanan sorunlar\u0131n y\u00f6netim sistemi i\u00e7inde \u00e7\u00f6z\u00fclememesi darbecilerin eline koz vermi\u015ftir. Hat\u0131rlay\u0131n\u0131z, 12 Eyl\u00fcl \u00f6ncesinde de Cumhurba\u015fkanl\u0131\u011f\u0131 se\u00e7imi krizinin sonu\u00e7land\u0131r\u0131lamamas\u0131 benzer bir bahaneye imk\u00e2n sa\u011flam\u0131\u015ft\u0131. T\u00fcrkiye art\u0131k b\u00f6yle demokrasi ay\u0131plar\u0131na muhatap olmas\u0131n diye y\u00f6netim sistemini de\u011fi\u015ftiriyoruz. 16 Nisan\u2019da milletimizin takdirine sunulan Anayasa de\u011fi\u015fikli\u011fi i\u015fte bu ama\u00e7la haz\u0131rlanm\u0131\u015ft\u0131r\u201d s\u00f6zlerine yer verdi.<\/p>\n<p><img loading=\"lazy\" class=\"alignnone size-full wp-image-1048\" src=\"http:\/\/www.vizyon2023.com.tr\/wp-content\/uploads\/2017\/03\/yi-20170312-kocaeli-09-acilis.jpg\" alt=\"yi-20170312-kocaeli-09-acilis\" width=\"810\" height=\"550\" \/><\/p>\n<p>\u201cSEN\u0130N ARKADA\u015eIN KAND\u0130L \u0130SE KAND\u0130L\u2019DEK\u0130LERLE BERABERS\u0130N\u201d<\/p>\n<p>Cumhurba\u015fkan\u0131 Erdo\u011fan s\u00f6zlerini \u015f\u00f6yle s\u00fcrd\u00fcrd\u00fc: \u201cBiz hem tarihi tecr\u00fcbeleri, hem son 14 y\u0131lda kendi ya\u015fad\u0131klar\u0131m\u0131z\u0131, \u00f6zellikle de 15 Temmuz darbe giri\u015fimiyle ortaya \u00e7\u0131kan durumu g\u00f6z \u00f6n\u00fcnde bulundurarak b\u00f6yle bir ad\u0131m att\u0131k.<\/p>\n<p>\u00d6ncelikle AK Parti Genel Ba\u015fkan\u0131 ve milletvekillerine, Milliyet\u00e7i Hareket Partisi Genel Ba\u015fkan\u0131 ve milletvekillerine Cumhurba\u015fkan\u0131 olarak \u015fahs\u0131m ve milletim ad\u0131na \u00e7ok te\u015fekk\u00fcr ediyorum. Zira her iki partinin lider kadrosu, milletvekillerinin b\u00f6yle bir dayan\u0131\u015fmay\u0131 g\u00f6stermesi, Parlamentodan 339 oyla referandumun ge\u00e7mesi \u00f6nemliydi. Niye? Bu \u00e7ok \u00f6nemli; mill\u00ee iradeye gidi\u015f vizesini bu iki partinin mensuplar\u0131 verdi, \u00e7\u00fcnk\u00fc onlar mill\u00ee iradeden yanayd\u0131. Di\u011ferlerine bak\u0131nca, karde\u015flerim; \u015fu anda kim hay\u0131r diyor? Kandil hay\u0131r diyor, \u0130mral\u0131 hay\u0131r diyor. \u015eu anda o hay\u0131r diyenlerle beraber kimler hareket ediyor? S\u00f6ylememe gerek var m\u0131? Hepsini biliyorsunuz de\u011fil mi? Bak\u0131n sevgili Peygamberimizin hadisi ortada: \u2018Ki\u015fi sevdikleriyle beraberdir.\u2019 \u015eimdi kim kimi seviyorsa onunla ha\u015frolunacak. Bir ba\u015fka g\u00fczel s\u00f6z, \u2018s\u00f6yle bana arkada\u015f\u0131n\u0131, s\u00f6yleyeyim sana kim oldu\u011funu.\u2019 Ha senin arkada\u015f\u0131n Kandil\u2019se Kandil\u2019dekilerle berabersin. Bunlar kan kusanlar de\u011fil mi? Bunlar bu \u00fclkeyi b\u00f6lmek, par\u00e7alamak isteyenler de\u011fil mi? \u015eimdi \u00e7\u0131km\u0131\u015f ana muhalefetin ba\u015f\u0131ndaki zat milleti aldatmak i\u00e7in elinden gelen yalan\u0131 s\u00f6yl\u00fcyor. D\u00fcr\u00fcst ol, art\u0131k bu millet senin yalanlar\u0131ndan b\u0131kt\u0131.\u201d<\/p>\n<p>\u201cKILI\u00c7DARO\u011eLU 18 MADDEY\u0130 OKUMADAN YOLA \u00c7IKMI\u015e\u201d<\/p>\n<p>Ana muhalefet liderinin yeni y\u00f6netim sistemi ile ilgili cumhurba\u015fkan\u0131n\u0131n \u2018tek adam\u2019 olaca\u011f\u0131na ili\u015fkin iddialar\u0131na \u201cTek adam sensin, yedi se\u00e7im kaybettin, hala partinin ba\u015f\u0131nda duruyorsun. E\u011fer senin, partinin mensuplar\u0131n\u0131n iradesine sayg\u0131n olsa b\u0131rak\u0131p gitmen laz\u0131m, partinin taban\u0131na sayg\u0131n olsa b\u0131rak\u0131p gitmen laz\u0131m. Ald\u0131\u011f\u0131n oylar ortada, hala partinin ba\u015f\u0131nda duruyorsun\u201d c\u00fcmleleriyle kar\u015f\u0131l\u0131k veren Cumhurba\u015fkan\u0131 Erdo\u011fan, Bat\u0131da bir parti ba\u015fkan\u0131 bir veya iki se\u00e7im kaybetti\u011finde istifas\u0131n\u0131 verdi\u011fine dikkat \u00e7ekti ve ekledi: \u201cAma bunda b\u00f6yle bir nezaket yok, anlamaz bu i\u015ften. Ama er veya ge\u00e7 Kemal gidicidir. Zira mensubu oldu\u011fu parti bu y\u00fck\u00fc daha fazla ta\u015f\u0131yamaz. Zira bu terazi bu kadar s\u0131kleti \u00e7ekmez.\u201d<\/p>\n<p>Konu\u015fmas\u0131n\u0131n bu b\u00f6l\u00fcm\u00fcnde, CHP lideri Kemal K\u0131l\u0131\u00e7daro\u011flu\u2019nun, \u00f6zel bir radyoya verdi\u011fi deme\u00e7te, halkoylamas\u0131na sunulan cumhurba\u015fkanl\u0131\u011f\u0131 y\u00f6netim sisteminde ba\u015fbakan ile cumhurba\u015fkan\u0131n\u0131n ayr\u0131 partilerden olmas\u0131 kavgan\u0131n \u00e7\u0131kaca\u011f\u0131na ve bunun millete s\u00f6ylenmedi\u011fine ili\u015fkin c\u00fcmlelerini kay\u0131ttan dinleten Cumhurba\u015fkan\u0131 Erdo\u011fan, \u201cDersini \u00e7al\u0131\u015fmam\u0131\u015f bu, 18 maddeyi okumam\u0131\u015f, \u00f6yle \u00e7\u0131km\u0131\u015f gelmi\u015f yola\u201d yorumunda bulundu.<\/p>\n<p>Cumhurba\u015fkan\u0131 Erdo\u011fan \u015funlar\u0131 kaydetti: \u201cBug\u00fcn mevcut sisteme d\u00f6rt elle sar\u0131lanlar\u0131n, T\u00fcrkiye 1970\u2019li y\u0131llarda ter\u00f6rle, krizle bo\u011fu\u015furken, sorunlar\u0131n \u00e7\u00f6z\u00fcm i\u00e7in en k\u00fc\u00e7\u00fck bir fedak\u00e2rl\u0131k yapt\u0131klar\u0131na \u015fahit olmad\u0131k. Koalisyonlar, muht\u0131ralar, bunlar\u0131 ya\u015fad\u0131k, ekonomik krizler ya\u015fad\u0131k. B\u00fct\u00fcn bunlarla kavrulurken bunlar ne yap\u0131yordu? Hepsini ge\u00e7tim, 2002 Kas\u0131m\u2019\u0131ndan beri neler \u00e7ekti\u011fimizi biliyoruz. Ellerinden gelse y\u00fczde 25\u2019i y\u00fczde 50\u2019den ilan edip \u00fclke y\u00f6netimine el koyacaklard\u0131, o derece g\u00f6zlerini karartm\u0131\u015f durumdayd\u0131lar. Karde\u015flerim, bunlar\u0131n bu \u00fclkede dikili bir ta\u015f\u0131 yok, b\u00f6yle bir \u015fey yapma niyetleri de yok. 7 Haziran se\u00e7imleri sonras\u0131nda ter\u00f6r \u00f6rg\u00fct\u00fcn\u00fcn uzant\u0131s\u0131 partiyle kol kola girerek milletvekili say\u0131lar\u0131 yetmedi\u011fi halde kap\u0131m\u0131za dayan\u0131p h\u00fck\u00fcmeti istediler. Bunlar\u0131n derdi demokrasi de\u011fil, bunlar\u0131n derdi milletin istekleri de\u011fil, bunlar\u0131n derdi halk\u0131n talepleri de\u011fil, bunlar sadece sorumluluk kendilerinde olmas\u0131n, ama t\u00fcm yetkiler, t\u00fcm imk\u00e2nlar kendilerine verilsin istiyorlar. D\u00fcnyada b\u00f6yle bir y\u00f6netim \u00f6rne\u011fi yok.\u201d<\/p>\n<p>\u201cMUASIR MEDEN\u0130YETLER SEV\u0130YES\u0130N\u0130N \u00dcST\u00dcNE \u00c7IKACA\u011eIZ\u201d<\/p>\n<p>T\u00fcrkiye\u2019yi y\u00f6netmeye ba\u015flad\u0131klar\u0131nda 3500 dolar olan ki\u015fi ba\u015f\u0131na mill\u00ee gelirin \u015fimdi 11 bin dolar\u0131 a\u015ft\u0131\u011f\u0131n\u0131, 79 senede yap\u0131lm\u0131\u015f olan 6100 kilometre b\u00f6l\u00fcnm\u00fc\u015f yola 14 senede 18 bin kilometre eklediklerini, Osman Gazi ve Yavuz Sultan k\u00f6pr\u00fcleri ile \u0130stanbul Bo\u011faz\u0131\u2019n\u0131n alt\u0131ndan Marmaray ve Avrasya T\u00fcnellerini yapt\u0131klar\u0131n\u0131, devrald\u0131klar\u0131 23,5 milyar dolarl\u0131k IMF\u2019e borcu \u00f6dediklerini hat\u0131rlatan Cumhurba\u015fkan\u0131 Erdo\u011fan, \u201cAzimle, \u00e7al\u0131\u015farak oluyor, \u00fcreterek oluyor, d\u00fc\u015f\u00fcnerek oluyor. \u0130\u015fte \u015fu anda ben, Ba\u015fbakan\u0131m, bakanlar d\u00fcnyan\u0131n d\u00f6rt bir yan\u0131na sald\u0131r\u0131yoruz, 16 Nisan\u2019dan sonra daha \u00e7ok yerlere gidece\u011fiz. Yapmam\u0131z gereken \u00e7ok \u015fey var. Muas\u0131r medeniyetler seviyesinin \u00fcst\u00fcne \u00e7\u0131kaca\u011f\u0131z. \u0130lk 10 \u00fclkenin i\u00e7erisine T\u00fcrkiye\u2019yi sokaca\u011f\u0131z. E\u011fer T\u00fcrkiye\u2019nin kaderinde bunlar gibi zihniyetler olsayd\u0131 halimiz harapt\u0131. Biz i\u015fte \u00fclkemiz ve milletimiz bir daha b\u00f6yle tehlikelerle, tehditlerle, krizlerle, darbelerle, muht\u0131ralarla, vesayet hevesleriyle muhatap olmas\u0131n diye cumhurba\u015fkanl\u0131\u011f\u0131 h\u00fck\u00fcmeti sistemini getiriyoruz\u201d g\u00f6r\u00fc\u015flerine yer verdi.<\/p>\n<p>\u201cGEN\u00c7LER\u0130M\u0130ZE G\u00dcVEN\u0130YORUZ\u201d<\/p>\n<p>Referandumdan \u2018evet\u2019 \u00e7\u0131kmas\u0131 halinde se\u00e7ilme ya\u015f\u0131n\u0131n 18\u2019e inece\u011fine de\u011finerek alandaki gen\u00e7lere hitaben, \u201c16 Nisan sizin g\u00fcn\u00fcn\u00fcz\u201d diyen Cumhurba\u015fkan\u0131 Erdo\u011fan, \u201cSe\u00e7me yetkinli\u011fine ula\u015ft\u0131\u011f\u0131na inand\u0131\u011f\u0131m\u0131z gen\u00e7lerimizden se\u00e7ilme hakk\u0131n\u0131 esirgeyemeyiz. \u015eimdi \u00e7\u0131k\u0131yor ana muhalefetin ba\u015f\u0131ndaki zat, \u2018H\u00fck\u00fcmeti \u00e7oluk \u00e7ocukla m\u0131 dolduracaks\u0131n\u0131z?\u2019 diyor. Lafa bak; erkekse askere gidip vatan\u0131 i\u00e7in sil\u00e2halt\u0131na giriyor mu? Giriyor. K\u0131z\u0131m\u0131zsa, \u00e7ocuk sahibi olup gelece\u011fimizin teminat\u0131 nesilleri yeti\u015ftiriyor mu? Yeti\u015ftiriyor. Erkek de olsa, k\u0131z da olsa \u00e7al\u0131\u015fma hayat\u0131na at\u0131l\u0131p birikimiyle, al\u0131n teriyle \u00fcretime katk\u0131 sa\u011fl\u0131yor mu? Sa\u011fl\u0131yor. E\u011fer \u00f6yleyse bu gen\u00e7lerimize se\u00e7ilme hakk\u0131n\u0131 niye \u00e7ok g\u00f6r\u00fcyoruz? Biz gen\u00e7lerimize g\u00fcveniyoruz\u201d \u015feklinde konu\u015ftu.<\/p>\n<p>16 Nisan\u2019da \u2018tek millet, tek bayrak, tek vatan ve tek devlet\u2019 i\u00e7in evet denece\u011fini ifade eden Cumhurba\u015fkan\u0131 Erdo\u011fan, t\u00fcm siyasi partilere g\u00f6n\u00fcl veren vatanda\u015flardan referandumda bir ve beraber olarak reformu ger\u00e7ekle\u015ftirmelerini isteyerek konu\u015fmas\u0131n\u0131 tamamlad\u0131.<\/p>\n<p>Konu\u015fmas\u0131n\u0131n ard\u0131ndan t\u00f6rene kat\u0131lan bakanlarla birlikte yap\u0131m\u0131 tamamlanan hizmet ve tesislerin a\u00e7\u0131l\u0131\u015f kurdelesini kesen Cumhurba\u015fkan\u0131 Erdo\u011fan t\u00f6renin ard\u0131ndan Kocaeli Valili\u011fi\u2019ni ziyaret etti.<\/p>\n","protected":false},"excerpt":{"rendered":"<p>Kocaeli\u2019de yap\u0131m\u0131 tamamlanan tesislerin toplu a\u00e7\u0131l\u0131\u015f t\u00f6reninde konu\u015fan Cumhurba\u015fkan\u0131 Erdo\u011fan, \u201cHollanda; kendini hem AB de\u011ferlerine hem de k\u00fcresel demokratik kabullere s\u0131\u011fmayan, ancak fa\u015fist y\u00f6netimlerde g\u00f6r\u00fclebilecek bir konuma d\u00fc\u015f\u00fcrm\u00fc\u015ft\u00fcr. Meselenin 16 Nisan halk oylamas\u0131n\u0131n \u00f6tesinde bir anlama sahip oldu\u011fu a\u00e7\u0131k\u00e7a ortadad\u0131r. Avrupa k\u0131tas\u0131 T\u00fcrk d\u00fc\u015fmanl\u0131\u011f\u0131, M\u00fcsl\u00fcman d\u00fc\u015fmanl\u0131\u011f\u0131, \u0130slam kar\u015f\u0131tl\u0131\u011f\u0131 hastal\u0131klar\u0131n\u0131n pen\u00e7esinde inlemektedir\u201d dedi Cumhurba\u015fkan\u0131 Recep Tayyip [&hellip;]<\/p>\n","protected":false},"author":1000097,"featured_media":1049,"comment_status":"open","ping_status":"closed","sticky":false,"template":"","format":"standard","meta":[],"categories":[1,58,85],"tags":[],"_links":{"self":[{"href":"https:\/\/www.vizyon2023.com.tr\/index.php\/wp-json\/wp\/v2\/posts\/1046"}],"collection":[{"href":"https:\/\/www.vizyon2023.com.tr\/index.php\/wp-json\/wp\/v2\/posts"}],"about":[{"href":"https:\/\/www.vizyon2023.com.tr\/index.php\/wp-json\/wp\/v2\/types\/post"}],"author":[{"embeddable":true,"href":"https:\/\/www.vizyon2023.com.tr\/index.php\/wp-json\/wp\/v2\/users\/1000097"}],"replies":[{"embeddable":true,"href":"https:\/\/www.vizyon2023.com.tr\/index.php\/wp-json\/wp\/v2\/comments?post=1046"}],"version-history":[{"count":1,"href":"https:\/\/www.vizyon2023.com.tr\/index.php\/wp-json\/wp\/v2\/posts\/1046\/revisions"}],"predecessor-version":[{"id":1051,"href":"https:\/\/www.vizyon2023.com.tr\/index.php\/wp-json\/wp\/v2\/posts\/1046\/revisions\/1051"}],"wp:featuredmedia":[{"embeddable":true,"href":"https:\/\/www.vizyon2023.com.tr\/index.php\/wp-json\/wp\/v2\/media\/1049"}],"wp:attachment":[{"href":"https:\/\/www.vizyon2023.com.tr\/index.php\/wp-json\/wp\/v2\/media?parent=1046"}],"wp:term":[{"taxonomy":"category","embeddable":true,"href":"https:\/\/www.vizyon2023.com.tr\/index.php\/wp-json\/wp\/v2\/categories?post=1046"},{"taxonomy":"post_tag","embeddable":true,"href":"https:\/\/www.vizyon2023.com.tr\/index.php\/wp-json\/wp\/v2\/tags?post=1046"}],"curies":[{"name":"wp","href":"https:\/\/api.w.org\/{rel}","templated":true}]}}