{"id":1032,"date":"2017-03-12T02:39:44","date_gmt":"2017-03-12T00:39:44","guid":{"rendered":"http:\/\/www.vizyon2023.com.tr\/?p=1032"},"modified":"2017-03-13T02:45:12","modified_gmt":"2017-03-13T00:45:12","slug":"dilde-fikirde-iste-birlik-ruhunu-gelistirip-kulturel-degerlerimizi-yasatacagiz","status":"publish","type":"post","link":"https:\/\/www.vizyon2023.com.tr\/index.php\/2017\/03\/12\/dilde-fikirde-iste-birlik-ruhunu-gelistirip-kulturel-degerlerimizi-yasatacagiz\/","title":{"rendered":"D\u0130LDE, F\u0130K\u0130RDE, \u0130\u015eTE B\u0130RL\u0130K RUHUNU GEL\u0130\u015eT\u0130R\u0130P, K\u00dcLT\u00dcREL DE\u011eERLER\u0130M\u0130Z\u0130 YA\u015eATACA\u011eIZ"},"content":{"rendered":"<p><img loading=\"lazy\" class=\"alignnone size-full wp-image-1033\" src=\"http:\/\/www.vizyon2023.com.tr\/wp-content\/uploads\/2017\/03\/necati_Deniz.jpg\" alt=\"necati_Deniz\" width=\"1000\" height=\"523\" \/><\/p>\n<p><strong>Bir farkl\u0131l\u0131k olu\u015ftural\u0131m istedik<\/strong><\/p>\n<p>Medeniyet bulu\u015fmas\u0131 i\u00e7in \u00e7al\u0131\u015fmalara ba\u015flad\u0131k\u2026 bilindi\u011fi \u00fczere, elat medeniyet bulu\u015fmas\u0131, \u00a0Karapapak T\u00fcrkleri\u2019nin \u201cmilli g\u00fcn\u00fc\u201dd\u00fcr. T\u00fcrkiye s\u0131n\u0131rlar\u0131 d\u0131\u015f\u0131nda kutlanmaya ba\u015flan\u0131lan bu \u201cmilli g\u00fcn\u201d ilk defa \u00fclkemizde Kars ilimizdeki 3 g\u00fcnl\u00fck bir \u00e7al\u0131\u015ftay ile kamuoyumuz ile bulu\u015fturulacak\u2026<\/p>\n<p>Bu \u00e7al\u0131\u015ftayda; \u00f6rf ve adetlerimiz i\u015flenecek, k\u00fclt\u00fcr\u00fcm\u00fcz t\u00fcm detaylar\u0131yla ele al\u0131nacakt\u0131r. \u00c2\u015f\u0131klar\u0131m\u0131z\u0131n at\u0131\u015fmalar\u0131, sanat\u00e7\u0131lar\u0131m\u0131z\u0131n konserleri,\u0307 g\u00fcre\u015f ve cirit m\u00fcsabakalar\u0131 ile \u201c Karapapak, terekeme T\u00fcrkleri\u201d g\u00f6n\u00fcl d\u00fcnyas\u0131n\u0131n co\u011frafyas\u0131nda bir araya getirileceklerdir.<\/p>\n<p>Yap\u0131lan ara\u015ft\u0131rmalar g\u00f6stermektedir ki; \u00a0Karapapak T\u00fcrklerinin en \u00e7ok ya\u015fad\u0131klar\u0131 \u00fclke T\u00fcrkiye\u2026 tam 40 \u015fehrimizde Karapapak T\u00fcrklerini g\u00f6rmek m\u00fcmk\u00fcn\u2026 d\u00fcnyan\u0131n 15 \u00fclkesinde da\u011f\u0131n\u0131k \u015fekilde ya\u015fayan \u00a0Karapapak T\u00fcrklerinin \u201cdilde, i\u015fte, fikirde birlik\u201d parolas\u0131 ile bir araya getirilece\u011fi \u00e7al\u0131\u015fmada pek \u00e7ok akademisyen, \u015fair, yazar ve fikir adam\u0131 Kars\u2019da bulu\u015fturulacak. Uluslararas\u0131 mesajlar\u0131n verilece\u011fi etkinliklerde \u201cT\u00fcrk d\u00fcnyas\u0131n\u0131n birlik ve beraberlik i\u00e7erisinde\u201d ne denli bir g\u00fc\u00e7 oldu\u011fu imaj\u0131 da d\u00fcnya kamuoyu ile payla\u015f\u0131lacak.<\/p>\n<p>Bor\u00e7al\u0131 elat medeniyet bulu\u015fmas\u0131 g\u00fcz \u00e7al\u0131\u015ftay\u0131, 3 g\u00fcnl\u00fck bir \u00e7al\u0131\u015fma\u2026<\/p>\n<p>\u0130lk \u00a0g\u00fcn, \u201ck\u00fclt\u00fcrel \u00f6\u011felerin a\u011f\u0131rl\u0131kl\u0131 olarak i\u015flenece\u011fi\u201d ; hem bizim \u00fcniversitelerimizin hem de G\u00fcrcistan, Ukrayna, Azerbaycan, K\u0131rg\u0131zistan, Kazakistan \u00fcniversitelerinin \u00f6\u011fretim \u00fcyelerinin kat\u0131l\u0131m sa\u011flayacaklar\u0131 bilimsel toplant\u0131lar ger\u00e7ekle\u015ftirilecek. Sabah ve \u00f6\u011fleden sonra yap\u0131lacak oturumlarda \u201c Karapapak terekeme T\u00fcrklerinin d\u00fcn\u00fc, bug\u00fcn\u00fc, yar\u0131n\u0131; k\u00fclt\u00fcrel de\u011ferleri; gelecek planlamalar\u0131 g\u00fcndeme getirilecek. Ve, uluslararas\u0131 camiaya seslenecek bir kongre deklarasyonu yay\u0131nlanacak.<\/p>\n<p>\u0130kinci \u0307g\u00fcn, festival a\u011f\u0131rl\u0131kl\u0131 olacak\u2026 Kars, Erzurum y\u00f6resi \u00e2\u015f\u0131klar\u0131 ile G\u00fcrcistan, Azerbaycan, K\u0131rg\u0131zistan, Kazakistan \u00e2\u015f\u0131klar\u0131 \u201cortak k\u00fclt\u00fcr\u00fcn\u201d \u00f6rneklerini sunarken, yerel, ulusal ve uluslararas\u0131 sanat\u00e7\u0131lar konserler verecek\u2026 Bu arada, y\u00f6resel giysilerin tan\u0131t\u0131laca\u011f\u0131 bir defile ger\u00e7ekle\u015ftirilecek ve y\u00f6resel yemekler ile a\u011f\u0131zlar tatland\u0131r\u0131lacak. Keza, g\u00fcre\u015f m\u00fcsabakalar\u0131 ve cirit g\u00f6sterileriyle etkinlik renklendirilecek.<\/p>\n<p>\u00dc\u00e7\u00fcnc\u00fc g\u00fcn, takriben 500 bin ki\u015finin ya\u015fad\u0131\u011f\u0131 bor\u00e7al\u0131\u2019ya ziyaret ger\u00e7ekle\u015ftirilecek.<\/p>\n<p>\u0130\u015f d\u00fcnyas\u0131ndan, esnaf kesim\u0307 in\u0307 den, sanat\u00e7\u0131lar\u0131m\u0131zdan olu\u015fturulacak bir grup bor\u00e7ali\u2019daki \u0307 karde\u015flerim\u0307 iz\u0307 le bulu\u015fturularak, birlikte neler yap\u0131labilir\u0307 masaya yat\u0131r\u0131lacak.<\/p>\n<p>Ortak i\u015f konseylerinin olu\u015fturulmas\u0131, esnaf birlikteliklerinin sa\u011flanmas\u0131, b\u00f6lgeye yat\u0131r\u0131m g\u00f6t\u00fcr\u00fclmesi, ihtiya\u00e7 sahibi karde\u015flerimize yard\u0131m yap\u0131lmas\u0131 hususlar\u0131 g\u00fcndeme getirilecek, kars-bor\u00e7al\u0131 hatt\u0131n\u0131n s\u00fcrekli a\u00e7\u0131k kalmas\u0131 \u00e7er\u00e7evesinde giri\u015fimlerde bulunulacak.<\/p>\n<p>T\u00fcm etkinlikler yerel, ulusal, uluslararas\u0131 bas\u0131nla birlikte y\u00fcr\u00fct\u00fclecek.<\/p>\n<p>Gazete, dergi, tv\u2019lara konu ile ilgili r\u00f6portajlar verilecektir.<\/p>\n<p>Bu \u00e7er\u00e7evede s\u0131rf bu etkinlik i\u00e7in \u00f6zel bir web sayfas\u0131 haz\u0131rlanacak, sanal portal ile geni\u015f kitlelere ula\u015fma imkan\u0131 sa\u011flanacakt\u0131r.<\/p>\n<p>Etkinliklerde kullan\u0131lmak \u00fczere, \u00a0Karapapak terekeme T\u00fcrklerini tan\u0131tan bir belgesel film haz\u0131rlanacak, haz\u0131rlanan bu belgesel her \u00e7al\u0131\u015fmam\u0131zda \u201c\u00f6n tan\u0131t\u0131m\u0131m\u0131z olarak kullan\u0131lacakt\u0131r\u201d.<\/p>\n<p>Ayr\u0131ca, kongre ile g\u00fcndeme getirilecek bildiriler daha sonra kitap olarak yay\u0131nlanacakt\u0131r.<\/p>\n<p>Kars\u2019da yap\u0131lan bu ilk etkinli\u011fin s\u00fcreklili\u011fi sa\u011flanarak daha sonra Karapapak terekeme T\u00fcrklerinin yo\u011fun olarak ya\u015fad\u0131\u011f\u0131 illerde farkl\u0131 temalar \u00fczerine \u00e7al\u0131\u015fmalar ger\u00e7ekle\u015ftirilecektir.<\/p>\n<p>Birlik ve beraberli\u011fimizin t\u00fcm y\u00f6nleriyle ele al\u0131naca\u011f\u0131 bu bulu\u015fmada 15 Temmuz\u2019un kahramanlar\u0131 da unutulmayacak, T\u00fcrk d\u00fcnyas\u0131na yi\u011fitlerimizin destans\u0131 direni\u015fi anlat\u0131lacak, a\u015f\u0131k \u015fenli\u011fin s\u00f6zleri ger\u00e7ek de\u011ferini bulacakt\u0131r\u2026<\/p>\n<p>Ne diyor a\u015f\u0131k \u015fenlik:<\/p>\n<p>Ehl-i islam olan i\u015fitsin bilsin,<\/p>\n<p>Can sa\u011f iken yurt vermeniz d\u00fc\u015fmana<\/p>\n<p>\u0130sterse uruset ne ki var gelsin<\/p>\n<p>Can sa\u011f iken yurt vermeniz d\u00fc\u015fmana.<\/p>\n<p>Ba\u015fka s\u00f6ze gerek var m\u0131?<\/p>\n","protected":false},"excerpt":{"rendered":"<p>Bir farkl\u0131l\u0131k olu\u015ftural\u0131m istedik Medeniyet bulu\u015fmas\u0131 i\u00e7in \u00e7al\u0131\u015fmalara ba\u015flad\u0131k\u2026 bilindi\u011fi \u00fczere, elat medeniyet bulu\u015fmas\u0131, \u00a0Karapapak T\u00fcrkleri\u2019nin \u201cmilli g\u00fcn\u00fc\u201dd\u00fcr. T\u00fcrkiye s\u0131n\u0131rlar\u0131 d\u0131\u015f\u0131nda kutlanmaya ba\u015flan\u0131lan bu \u201cmilli g\u00fcn\u201d ilk defa \u00fclkemizde Kars ilimizdeki 3 g\u00fcnl\u00fck bir \u00e7al\u0131\u015ftay ile kamuoyumuz ile bulu\u015fturulacak\u2026 Bu \u00e7al\u0131\u015ftayda; \u00f6rf ve adetlerimiz i\u015flenecek, k\u00fclt\u00fcr\u00fcm\u00fcz t\u00fcm detaylar\u0131yla ele al\u0131nacakt\u0131r. \u00c2\u015f\u0131klar\u0131m\u0131z\u0131n at\u0131\u015fmalar\u0131, sanat\u00e7\u0131lar\u0131m\u0131z\u0131n konserleri,\u0307 g\u00fcre\u015f [&hellip;]<\/p>\n","protected":false},"author":1000097,"featured_media":1034,"comment_status":"open","ping_status":"closed","sticky":false,"template":"","format":"standard","meta":[],"categories":[1,85,83],"tags":[],"_links":{"self":[{"href":"https:\/\/www.vizyon2023.com.tr\/index.php\/wp-json\/wp\/v2\/posts\/1032"}],"collection":[{"href":"https:\/\/www.vizyon2023.com.tr\/index.php\/wp-json\/wp\/v2\/posts"}],"about":[{"href":"https:\/\/www.vizyon2023.com.tr\/index.php\/wp-json\/wp\/v2\/types\/post"}],"author":[{"embeddable":true,"href":"https:\/\/www.vizyon2023.com.tr\/index.php\/wp-json\/wp\/v2\/users\/1000097"}],"replies":[{"embeddable":true,"href":"https:\/\/www.vizyon2023.com.tr\/index.php\/wp-json\/wp\/v2\/comments?post=1032"}],"version-history":[{"count":1,"href":"https:\/\/www.vizyon2023.com.tr\/index.php\/wp-json\/wp\/v2\/posts\/1032\/revisions"}],"predecessor-version":[{"id":1035,"href":"https:\/\/www.vizyon2023.com.tr\/index.php\/wp-json\/wp\/v2\/posts\/1032\/revisions\/1035"}],"wp:featuredmedia":[{"embeddable":true,"href":"https:\/\/www.vizyon2023.com.tr\/index.php\/wp-json\/wp\/v2\/media\/1034"}],"wp:attachment":[{"href":"https:\/\/www.vizyon2023.com.tr\/index.php\/wp-json\/wp\/v2\/media?parent=1032"}],"wp:term":[{"taxonomy":"category","embeddable":true,"href":"https:\/\/www.vizyon2023.com.tr\/index.php\/wp-json\/wp\/v2\/categories?post=1032"},{"taxonomy":"post_tag","embeddable":true,"href":"https:\/\/www.vizyon2023.com.tr\/index.php\/wp-json\/wp\/v2\/tags?post=1032"}],"curies":[{"name":"wp","href":"https:\/\/api.w.org\/{rel}","templated":true}]}}